{"id":601,"date":"2020-06-25T00:03:00","date_gmt":"2020-06-25T00:03:00","guid":{"rendered":"https:\/\/rightchallenge.org\/?p=601"},"modified":"2020-07-10T00:05:58","modified_gmt":"2020-07-10T00:05:58","slug":"a-procura-de-uma-abordagem-educacional-humanista-em-tempos-de-pandemia","status":"publish","type":"post","link":"https:\/\/rightchallenge.org\/en\/a-procura-de-uma-abordagem-educacional-humanista-em-tempos-de-pandemia\/","title":{"rendered":"Looking for a humanist educational approach in the Time of a Pandemic"},"content":{"rendered":"<p>De acordo com os \u00faltimos dados da UNESCO, mais de 1,5 mil milh\u00f5es de estudantes em todo o mundo n\u00e3o frequentam a escola devido \u00e0 pandemia COVID-19. <\/p>\n\n\n\n<p>Portanto, o ensino \u00e0 dist\u00e2ncia apresentou-se como a solu\u00e7\u00e3o para dar continuidade \u00e0s actividades educativas. Foram feitos investimentos em plataformas de eLearning, forma\u00e7\u00e3o de professores e recursos tecnol\u00f3gicos para estudantes, a fim de continuar a sua jornada educacional. A educa\u00e7\u00e3o visa a constru\u00e7\u00e3o de uma comunidade civilizada, onde todos possam viver em harmonia e respeito m\u00fatuo. Por conseguinte, a educa\u00e7\u00e3o representa um meio de humaniza\u00e7\u00e3o, pois \u00e9 respons\u00e1vel pela promo\u00e7\u00e3o de valores que promovem a emers\u00e3o do verdadeiro sentido da humanidade.<\/p>\n\n\n\n<p>Basta imaginar os encerramentos a longo prazo de institui\u00e7\u00f5es de ensino na Europa. Estaremos social e tecnologicamente preparados para proporcionar uma educa\u00e7\u00e3o \u00e0 dist\u00e2ncia a longo prazo? Em desastres como o que vivemos actualmente, temos de repensar se a verdadeira estrat\u00e9gia de educa\u00e7\u00e3o \u00e0 dist\u00e2ncia segue os princ\u00edpios de uma educa\u00e7\u00e3o humanista. <\/p>\n\n\n\n<p>A fim de apoiar os tutores de EFP a aproveitar o potencial dos ambientes de ensino \u00e0 dist\u00e2ncia para construir conjuntos de compet\u00eancias de alto valor dentro dos seus alunos, o projecto XCAPE visa promover o pensamento criativo e cr\u00edtico atrav\u00e9s do desenvolvimento de recursos pedag\u00f3gicos alternativos, utilizando a teoria da aprendizagem construtivista. <\/p>\n\n\n\n<p>Para mais informa\u00e7\u00f5es, por favor visite o website https:\/\/xcape.online\/<\/p>","protected":false},"excerpt":{"rendered":"<p>De acordo com os \u00faltimos dados da UNESCO, mais de 1,5 mil milh\u00f5es de estudantes em todo o mundo n\u00e3o frequentam a escola devido \u00e0 pandemia COVID-19. Portanto, o ensino \u00e0 dist\u00e2ncia apresentou-se como a solu\u00e7\u00e3o para dar continuidade \u00e0s actividades educativas. Foram feitos investimentos em plataformas de eLearning, forma\u00e7\u00e3o de professores e recursos tecnol\u00f3gicos [&hellip;]<\/p>\n","protected":false},"author":2,"featured_media":602,"comment_status":"open","ping_status":"closed","sticky":false,"template":"","format":"standard","meta":{"_et_pb_use_builder":"off","_et_pb_old_content":"","_et_gb_content_width":"","_monsterinsights_skip_tracking":false,"_monsterinsights_sitenote_active":false,"_monsterinsights_sitenote_note":"","_monsterinsights_sitenote_category":0,"footnotes":""},"categories":[1],"tags":[],"class_list":["post-601","post","type-post","status-publish","format-standard","has-post-thumbnail","hentry","category-sem-categoria"],"yoast_head":"<!-- This site is optimized with the Yoast SEO plugin v27.5 - https:\/\/yoast.com\/product\/yoast-seo-wordpress\/ -->\n<title>\u00c0 procura de uma abordagem educacional humanista em Tempos de Pandemia - Rightchallenge<\/title>\n<meta name=\"robots\" content=\"index, follow, max-snippet:-1, max-image-preview:large, max-video-preview:-1\" \/>\n<link rel=\"canonical\" href=\"https:\/\/rightchallenge.org\/en\/a-procura-de-uma-abordagem-educacional-humanista-em-tempos-de-pandemia\/\" \/>\n<meta property=\"og:locale\" content=\"en_GB\" \/>\n<meta property=\"og:type\" content=\"article\" \/>\n<meta property=\"og:title\" content=\"\u00c0 procura de uma abordagem educacional humanista em Tempos de Pandemia - Rightchallenge\" \/>\n<meta property=\"og:description\" content=\"De acordo com os \u00faltimos dados da UNESCO, mais de 1,5 mil milh\u00f5es de estudantes em todo o mundo n\u00e3o frequentam a escola devido \u00e0 pandemia COVID-19. Portanto, o ensino \u00e0 dist\u00e2ncia apresentou-se como a solu\u00e7\u00e3o para dar continuidade \u00e0s actividades educativas. Foram feitos investimentos em plataformas de eLearning, forma\u00e7\u00e3o de professores e recursos tecnol\u00f3gicos [&hellip;]\" \/>\n<meta property=\"og:url\" content=\"https:\/\/rightchallenge.org\/en\/a-procura-de-uma-abordagem-educacional-humanista-em-tempos-de-pandemia\/\" \/>\n<meta property=\"og:site_name\" content=\"Rightchallenge\" \/>\n<meta property=\"article:published_time\" content=\"2020-06-25T00:03:00+00:00\" \/>\n<meta property=\"article:modified_time\" content=\"2020-07-10T00:05:58+00:00\" \/>\n<meta property=\"og:image\" content=\"https:\/\/rightchallenge.org\/wp-content\/uploads\/2020\/07\/scott-graham-5fNmWej4tAA-unsplash-scaled.jpg\" \/>\n\t<meta property=\"og:image:width\" content=\"2560\" \/>\n\t<meta property=\"og:image:height\" content=\"1709\" \/>\n\t<meta property=\"og:image:type\" content=\"image\/jpeg\" \/>\n<meta name=\"author\" content=\"Righchallenge\" \/>\n<meta name=\"twitter:card\" content=\"summary_large_image\" \/>\n<meta name=\"twitter:label1\" content=\"Written by\" \/>\n\t<meta name=\"twitter:data1\" content=\"Righchallenge\" \/>\n\t<meta name=\"twitter:label2\" content=\"Estimated reading time\" \/>\n\t<meta name=\"twitter:data2\" content=\"1 minute\" \/>\n<script type=\"application\/ld+json\" class=\"yoast-schema-graph\">{\"@context\":\"https:\\\/\\\/schema.org\",\"@graph\":[{\"@type\":\"Article\",\"@id\":\"https:\\\/\\\/rightchallenge.org\\\/a-procura-de-uma-abordagem-educacional-humanista-em-tempos-de-pandemia\\\/#article\",\"isPartOf\":{\"@id\":\"https:\\\/\\\/rightchallenge.org\\\/a-procura-de-uma-abordagem-educacional-humanista-em-tempos-de-pandemia\\\/\"},\"author\":{\"name\":\"Righchallenge\",\"@id\":\"https:\\\/\\\/rightchallenge.org\\\/#\\\/schema\\\/person\\\/c055d26fd0c0ef7284a434fb3a01c681\"},\"headline\":\"\u00c0 procura de uma abordagem educacional humanista em Tempos de Pandemia\",\"datePublished\":\"2020-06-25T00:03:00+00:00\",\"dateModified\":\"2020-07-10T00:05:58+00:00\",\"mainEntityOfPage\":{\"@id\":\"https:\\\/\\\/rightchallenge.org\\\/a-procura-de-uma-abordagem-educacional-humanista-em-tempos-de-pandemia\\\/\"},\"wordCount\":255,\"commentCount\":0,\"image\":{\"@id\":\"https:\\\/\\\/rightchallenge.org\\\/a-procura-de-uma-abordagem-educacional-humanista-em-tempos-de-pandemia\\\/#primaryimage\"},\"thumbnailUrl\":\"https:\\\/\\\/rightchallenge.org\\\/wp-content\\\/uploads\\\/2020\\\/07\\\/scott-graham-5fNmWej4tAA-unsplash-scaled.jpg\",\"articleSection\":[\"Sem categoria\"],\"inLanguage\":\"en-GB\",\"potentialAction\":[{\"@type\":\"CommentAction\",\"name\":\"Comment\",\"target\":[\"https:\\\/\\\/rightchallenge.org\\\/a-procura-de-uma-abordagem-educacional-humanista-em-tempos-de-pandemia\\\/#respond\"]}]},{\"@type\":\"WebPage\",\"@id\":\"https:\\\/\\\/rightchallenge.org\\\/a-procura-de-uma-abordagem-educacional-humanista-em-tempos-de-pandemia\\\/\",\"url\":\"https:\\\/\\\/rightchallenge.org\\\/a-procura-de-uma-abordagem-educacional-humanista-em-tempos-de-pandemia\\\/\",\"name\":\"\u00c0 procura de uma abordagem educacional humanista em Tempos de Pandemia - Rightchallenge\",\"isPartOf\":{\"@id\":\"https:\\\/\\\/rightchallenge.org\\\/#website\"},\"primaryImageOfPage\":{\"@id\":\"https:\\\/\\\/rightchallenge.org\\\/a-procura-de-uma-abordagem-educacional-humanista-em-tempos-de-pandemia\\\/#primaryimage\"},\"image\":{\"@id\":\"https:\\\/\\\/rightchallenge.org\\\/a-procura-de-uma-abordagem-educacional-humanista-em-tempos-de-pandemia\\\/#primaryimage\"},\"thumbnailUrl\":\"https:\\\/\\\/rightchallenge.org\\\/wp-content\\\/uploads\\\/2020\\\/07\\\/scott-graham-5fNmWej4tAA-unsplash-scaled.jpg\",\"datePublished\":\"2020-06-25T00:03:00+00:00\",\"dateModified\":\"2020-07-10T00:05:58+00:00\",\"author\":{\"@id\":\"https:\\\/\\\/rightchallenge.org\\\/#\\\/schema\\\/person\\\/c055d26fd0c0ef7284a434fb3a01c681\"},\"breadcrumb\":{\"@id\":\"https:\\\/\\\/rightchallenge.org\\\/a-procura-de-uma-abordagem-educacional-humanista-em-tempos-de-pandemia\\\/#breadcrumb\"},\"inLanguage\":\"en-GB\",\"potentialAction\":[{\"@type\":\"ReadAction\",\"target\":[\"https:\\\/\\\/rightchallenge.org\\\/a-procura-de-uma-abordagem-educacional-humanista-em-tempos-de-pandemia\\\/\"]}]},{\"@type\":\"ImageObject\",\"inLanguage\":\"en-GB\",\"@id\":\"https:\\\/\\\/rightchallenge.org\\\/a-procura-de-uma-abordagem-educacional-humanista-em-tempos-de-pandemia\\\/#primaryimage\",\"url\":\"https:\\\/\\\/rightchallenge.org\\\/wp-content\\\/uploads\\\/2020\\\/07\\\/scott-graham-5fNmWej4tAA-unsplash-scaled.jpg\",\"contentUrl\":\"https:\\\/\\\/rightchallenge.org\\\/wp-content\\\/uploads\\\/2020\\\/07\\\/scott-graham-5fNmWej4tAA-unsplash-scaled.jpg\",\"width\":2560,\"height\":1709},{\"@type\":\"BreadcrumbList\",\"@id\":\"https:\\\/\\\/rightchallenge.org\\\/a-procura-de-uma-abordagem-educacional-humanista-em-tempos-de-pandemia\\\/#breadcrumb\",\"itemListElement\":[{\"@type\":\"ListItem\",\"position\":1,\"name\":\"In\u00edcio\",\"item\":\"https:\\\/\\\/rightchallenge.org\\\/\"},{\"@type\":\"ListItem\",\"position\":2,\"name\":\"\u00c0 procura de uma abordagem educacional humanista em Tempos de Pandemia\"}]},{\"@type\":\"WebSite\",\"@id\":\"https:\\\/\\\/rightchallenge.org\\\/#website\",\"url\":\"https:\\\/\\\/rightchallenge.org\\\/\",\"name\":\"Rightchallenge\",\"description\":\"Associa\u00e7\u00e3o\",\"potentialAction\":[{\"@type\":\"SearchAction\",\"target\":{\"@type\":\"EntryPoint\",\"urlTemplate\":\"https:\\\/\\\/rightchallenge.org\\\/?s={search_term_string}\"},\"query-input\":{\"@type\":\"PropertyValueSpecification\",\"valueRequired\":true,\"valueName\":\"search_term_string\"}}],\"inLanguage\":\"en-GB\"},{\"@type\":\"Person\",\"@id\":\"https:\\\/\\\/rightchallenge.org\\\/#\\\/schema\\\/person\\\/c055d26fd0c0ef7284a434fb3a01c681\",\"name\":\"Righchallenge\",\"image\":{\"@type\":\"ImageObject\",\"inLanguage\":\"en-GB\",\"@id\":\"https:\\\/\\\/secure.gravatar.com\\\/avatar\\\/316d2bd1788dea98bad763ddecdc72ea95bec82b19fb3ac81a73e8626d8c1b14?s=96&d=mm&r=g\",\"url\":\"https:\\\/\\\/secure.gravatar.com\\\/avatar\\\/316d2bd1788dea98bad763ddecdc72ea95bec82b19fb3ac81a73e8626d8c1b14?s=96&d=mm&r=g\",\"contentUrl\":\"https:\\\/\\\/secure.gravatar.com\\\/avatar\\\/316d2bd1788dea98bad763ddecdc72ea95bec82b19fb3ac81a73e8626d8c1b14?s=96&d=mm&r=g\",\"caption\":\"Righchallenge\"},\"url\":\"https:\\\/\\\/rightchallenge.org\\\/en\\\/author\\\/rca\\\/\"}]}<\/script>\n<!-- \/ Yoast SEO plugin. -->","yoast_head_json":{"title":"\u00c0 procura de uma abordagem educacional humanista em Tempos de Pandemia - Rightchallenge","robots":{"index":"index","follow":"follow","max-snippet":"max-snippet:-1","max-image-preview":"max-image-preview:large","max-video-preview":"max-video-preview:-1"},"canonical":"https:\/\/rightchallenge.org\/en\/a-procura-de-uma-abordagem-educacional-humanista-em-tempos-de-pandemia\/","og_locale":"en_GB","og_type":"article","og_title":"\u00c0 procura de uma abordagem educacional humanista em Tempos de Pandemia - Rightchallenge","og_description":"De acordo com os \u00faltimos dados da UNESCO, mais de 1,5 mil milh\u00f5es de estudantes em todo o mundo n\u00e3o frequentam a escola devido \u00e0 pandemia COVID-19. Portanto, o ensino \u00e0 dist\u00e2ncia apresentou-se como a solu\u00e7\u00e3o para dar continuidade \u00e0s actividades educativas. Foram feitos investimentos em plataformas de eLearning, forma\u00e7\u00e3o de professores e recursos tecnol\u00f3gicos [&hellip;]","og_url":"https:\/\/rightchallenge.org\/en\/a-procura-de-uma-abordagem-educacional-humanista-em-tempos-de-pandemia\/","og_site_name":"Rightchallenge","article_published_time":"2020-06-25T00:03:00+00:00","article_modified_time":"2020-07-10T00:05:58+00:00","og_image":[{"width":2560,"height":1709,"url":"https:\/\/rightchallenge.org\/wp-content\/uploads\/2020\/07\/scott-graham-5fNmWej4tAA-unsplash-scaled.jpg","type":"image\/jpeg"}],"author":"Righchallenge","twitter_card":"summary_large_image","twitter_misc":{"Written by":"Righchallenge","Estimated reading time":"1 minute"},"schema":{"@context":"https:\/\/schema.org","@graph":[{"@type":"Article","@id":"https:\/\/rightchallenge.org\/a-procura-de-uma-abordagem-educacional-humanista-em-tempos-de-pandemia\/#article","isPartOf":{"@id":"https:\/\/rightchallenge.org\/a-procura-de-uma-abordagem-educacional-humanista-em-tempos-de-pandemia\/"},"author":{"name":"Righchallenge","@id":"https:\/\/rightchallenge.org\/#\/schema\/person\/c055d26fd0c0ef7284a434fb3a01c681"},"headline":"\u00c0 procura de uma abordagem educacional humanista em Tempos de Pandemia","datePublished":"2020-06-25T00:03:00+00:00","dateModified":"2020-07-10T00:05:58+00:00","mainEntityOfPage":{"@id":"https:\/\/rightchallenge.org\/a-procura-de-uma-abordagem-educacional-humanista-em-tempos-de-pandemia\/"},"wordCount":255,"commentCount":0,"image":{"@id":"https:\/\/rightchallenge.org\/a-procura-de-uma-abordagem-educacional-humanista-em-tempos-de-pandemia\/#primaryimage"},"thumbnailUrl":"https:\/\/rightchallenge.org\/wp-content\/uploads\/2020\/07\/scott-graham-5fNmWej4tAA-unsplash-scaled.jpg","articleSection":["Sem categoria"],"inLanguage":"en-GB","potentialAction":[{"@type":"CommentAction","name":"Comment","target":["https:\/\/rightchallenge.org\/a-procura-de-uma-abordagem-educacional-humanista-em-tempos-de-pandemia\/#respond"]}]},{"@type":"WebPage","@id":"https:\/\/rightchallenge.org\/a-procura-de-uma-abordagem-educacional-humanista-em-tempos-de-pandemia\/","url":"https:\/\/rightchallenge.org\/a-procura-de-uma-abordagem-educacional-humanista-em-tempos-de-pandemia\/","name":"\u00c0 procura de uma abordagem educacional humanista em Tempos de Pandemia - Rightchallenge","isPartOf":{"@id":"https:\/\/rightchallenge.org\/#website"},"primaryImageOfPage":{"@id":"https:\/\/rightchallenge.org\/a-procura-de-uma-abordagem-educacional-humanista-em-tempos-de-pandemia\/#primaryimage"},"image":{"@id":"https:\/\/rightchallenge.org\/a-procura-de-uma-abordagem-educacional-humanista-em-tempos-de-pandemia\/#primaryimage"},"thumbnailUrl":"https:\/\/rightchallenge.org\/wp-content\/uploads\/2020\/07\/scott-graham-5fNmWej4tAA-unsplash-scaled.jpg","datePublished":"2020-06-25T00:03:00+00:00","dateModified":"2020-07-10T00:05:58+00:00","author":{"@id":"https:\/\/rightchallenge.org\/#\/schema\/person\/c055d26fd0c0ef7284a434fb3a01c681"},"breadcrumb":{"@id":"https:\/\/rightchallenge.org\/a-procura-de-uma-abordagem-educacional-humanista-em-tempos-de-pandemia\/#breadcrumb"},"inLanguage":"en-GB","potentialAction":[{"@type":"ReadAction","target":["https:\/\/rightchallenge.org\/a-procura-de-uma-abordagem-educacional-humanista-em-tempos-de-pandemia\/"]}]},{"@type":"ImageObject","inLanguage":"en-GB","@id":"https:\/\/rightchallenge.org\/a-procura-de-uma-abordagem-educacional-humanista-em-tempos-de-pandemia\/#primaryimage","url":"https:\/\/rightchallenge.org\/wp-content\/uploads\/2020\/07\/scott-graham-5fNmWej4tAA-unsplash-scaled.jpg","contentUrl":"https:\/\/rightchallenge.org\/wp-content\/uploads\/2020\/07\/scott-graham-5fNmWej4tAA-unsplash-scaled.jpg","width":2560,"height":1709},{"@type":"BreadcrumbList","@id":"https:\/\/rightchallenge.org\/a-procura-de-uma-abordagem-educacional-humanista-em-tempos-de-pandemia\/#breadcrumb","itemListElement":[{"@type":"ListItem","position":1,"name":"In\u00edcio","item":"https:\/\/rightchallenge.org\/"},{"@type":"ListItem","position":2,"name":"\u00c0 procura de uma abordagem educacional humanista em Tempos de Pandemia"}]},{"@type":"WebSite","@id":"https:\/\/rightchallenge.org\/#website","url":"https:\/\/rightchallenge.org\/","name":"Rightchallenge","description":"Associa\u00e7\u00e3o","potentialAction":[{"@type":"SearchAction","target":{"@type":"EntryPoint","urlTemplate":"https:\/\/rightchallenge.org\/?s={search_term_string}"},"query-input":{"@type":"PropertyValueSpecification","valueRequired":true,"valueName":"search_term_string"}}],"inLanguage":"en-GB"},{"@type":"Person","@id":"https:\/\/rightchallenge.org\/#\/schema\/person\/c055d26fd0c0ef7284a434fb3a01c681","name":"Righchallenge","image":{"@type":"ImageObject","inLanguage":"en-GB","@id":"https:\/\/secure.gravatar.com\/avatar\/316d2bd1788dea98bad763ddecdc72ea95bec82b19fb3ac81a73e8626d8c1b14?s=96&d=mm&r=g","url":"https:\/\/secure.gravatar.com\/avatar\/316d2bd1788dea98bad763ddecdc72ea95bec82b19fb3ac81a73e8626d8c1b14?s=96&d=mm&r=g","contentUrl":"https:\/\/secure.gravatar.com\/avatar\/316d2bd1788dea98bad763ddecdc72ea95bec82b19fb3ac81a73e8626d8c1b14?s=96&d=mm&r=g","caption":"Righchallenge"},"url":"https:\/\/rightchallenge.org\/en\/author\/rca\/"}]}},"_links":{"self":[{"href":"https:\/\/rightchallenge.org\/en\/wp-json\/wp\/v2\/posts\/601","targetHints":{"allow":["GET"]}}],"collection":[{"href":"https:\/\/rightchallenge.org\/en\/wp-json\/wp\/v2\/posts"}],"about":[{"href":"https:\/\/rightchallenge.org\/en\/wp-json\/wp\/v2\/types\/post"}],"author":[{"embeddable":true,"href":"https:\/\/rightchallenge.org\/en\/wp-json\/wp\/v2\/users\/2"}],"replies":[{"embeddable":true,"href":"https:\/\/rightchallenge.org\/en\/wp-json\/wp\/v2\/comments?post=601"}],"version-history":[{"count":1,"href":"https:\/\/rightchallenge.org\/en\/wp-json\/wp\/v2\/posts\/601\/revisions"}],"predecessor-version":[{"id":603,"href":"https:\/\/rightchallenge.org\/en\/wp-json\/wp\/v2\/posts\/601\/revisions\/603"}],"wp:featuredmedia":[{"embeddable":true,"href":"https:\/\/rightchallenge.org\/en\/wp-json\/wp\/v2\/media\/602"}],"wp:attachment":[{"href":"https:\/\/rightchallenge.org\/en\/wp-json\/wp\/v2\/media?parent=601"}],"wp:term":[{"taxonomy":"category","embeddable":true,"href":"https:\/\/rightchallenge.org\/en\/wp-json\/wp\/v2\/categories?post=601"},{"taxonomy":"post_tag","embeddable":true,"href":"https:\/\/rightchallenge.org\/en\/wp-json\/wp\/v2\/tags?post=601"}],"curies":[{"name":"wp","href":"https:\/\/api.w.org\/{rel}","templated":true}]}}