{"id":5788,"date":"2026-04-30T13:30:31","date_gmt":"2026-04-30T12:30:31","guid":{"rendered":"https:\/\/rightchallenge.org\/?p=5788"},"modified":"2026-04-30T13:32:29","modified_gmt":"2026-04-30T12:32:29","slug":"convite-a-participacao-equipa-juvenil-sos-avintes-2","status":"publish","type":"post","link":"https:\/\/rightchallenge.org\/en\/convite-a-participacao-equipa-juvenil-sos-avintes-2\/","title":{"rendered":"RightChallenge e Junta de Freguesia de Oliveira do Douro unem esfor\u00e7os para capacitar a juventude local"},"content":{"rendered":"<p>[et_pb_section fb_built=&#8221;1&#8243; _builder_version=&#8221;4.27.6&#8243; _module_preset=&#8221;default&#8221; global_colors_info=&#8221;{}&#8221;][et_pb_row column_structure=&#8221;1_2,1_2&#8243; _builder_version=&#8221;4.27.6&#8243; _module_preset=&#8221;default&#8221; global_colors_info=&#8221;{}&#8221;][et_pb_column type=&#8221;1_2&#8243; _builder_version=&#8221;4.27.6&#8243; _module_preset=&#8221;default&#8221; global_colors_info=&#8221;{}&#8221;][et_pb_image src=&#8221;https:\/\/rightchallenge.org\/wp-content\/uploads\/2026\/04\/POST-INSTAGRAM-1080X1350.jpg&#8221; title_text=&#8221;POST INSTAGRAM 1080X1350&#8243; align=&#8221;center&#8221; _builder_version=&#8221;4.27.6&#8243; _module_preset=&#8221;default&#8221; hover_enabled=&#8221;0&#8243; global_colors_info=&#8221;{}&#8221; sticky_enabled=&#8221;0&#8243;][\/et_pb_image][et_pb_button button_url=&#8221;https:\/\/forms.gle\/irkNPhDPkz63vaD56&#8243; button_text=&#8221;Inscreve-te&#8221; button_alignment=&#8221;center&#8221; _builder_version=&#8221;4.27.6&#8243; _module_preset=&#8221;default&#8221; hover_enabled=&#8221;0&#8243; global_colors_info=&#8221;{}&#8221; sticky_enabled=&#8221;0&#8243; locked=&#8221;off&#8221;][\/et_pb_button][et_pb_text _builder_version=&#8221;4.27.6&#8243; _module_preset=&#8221;default&#8221; text_font_size=&#8221;15px&#8221; text_orientation=&#8221;justified&#8221; hover_enabled=&#8221;0&#8243; global_colors_info=&#8221;{}&#8221; sticky_enabled=&#8221;0&#8243; locked=&#8221;off&#8221;]<\/p>\n<p data-path-to-node=\"30\" id=\"p-rc_10474960509641cc-36\"><span data-path-to-node=\"30,0\"><b data-path-to-node=\"30,0\" data-index-in-node=\"0\">Compromisso com o Territ\u00f3rio<\/b> <\/span><\/p>\n<p data-path-to-node=\"30\"><span data-path-to-node=\"30,1\"><span class=\"citation-34\"><\/span><\/span><span data-path-to-node=\"30,2\"><span class=\"citation-34\">Para a RightChallenge, esta colabora\u00e7\u00e3o com a Junta de Freguesia de Oliveira do Douro \u00e9 fundamental para garantir que as oportunidades europeias chegam ao terreno e beneficiam diretamente quem vive e sente a freguesia. <\/span><\/span><span data-path-to-node=\"30,3\"><span class=\"citation-34 citation-end-34\"><source-footnote ng-version=\"0.0.0-PLACEHOLDER\" _nghost-ng-c3401837008=\"\"><sup _ngcontent-ng-c3401837008=\"\" class=\"superscript\" data-turn-source-index=\"28\"><\/sup><\/source-footnote><source-footnote ng-version=\"0.0.0-PLACEHOLDER\" _nghost-ng-c3401837008=\"\"><sup _ngcontent-ng-c3401837008=\"\" class=\"superscript\" data-turn-source-index=\"28\"><\/sup><\/source-footnote><source-footnote ng-version=\"0.0.0-PLACEHOLDER\" _nghost-ng-c3401837008=\"\"><sup _ngcontent-ng-c3401837008=\"\" class=\"superscript\" data-turn-source-index=\"28\"><\/sup><\/source-footnote><source-footnote ng-version=\"0.0.0-PLACEHOLDER\" _nghost-ng-c3401837008=\"\"><sup _ngcontent-ng-c3401837008=\"\" class=\"superscript\" data-turn-source-index=\"28\"><\/sup><\/source-footnote><\/span><\/span><sources-carousel-inline ng-version=\"0.0.0-PLACEHOLDER\" _nghost-ng-c1938874173=\"\"><source-inline-chip _ngcontent-ng-c1938874173=\"\" _nghost-ng-c907238092=\"\" class=\"ng-star-inserted\"><\/source-inline-chip><\/sources-carousel-inline><\/p>\n<p data-path-to-node=\"34\" id=\"p-rc_10474960509641cc-39\"><span data-path-to-node=\"34,0\"><b data-path-to-node=\"34,0\" data-index-in-node=\"0\"><span class=\"citation-31\">Junta-te a n\u00f3s e muda a narrativa da tua comunidade!<\/span><\/b><span class=\"citation-31\"> <\/span><\/span><span data-path-to-node=\"34,1\"><span class=\"citation-31 citation-end-31\"><source-footnote ng-version=\"0.0.0-PLACEHOLDER\" _nghost-ng-c3401837008=\"\"><sup _ngcontent-ng-c3401837008=\"\" class=\"superscript\" data-turn-source-index=\"31\"><\/sup><\/source-footnote><source-footnote ng-version=\"0.0.0-PLACEHOLDER\" _nghost-ng-c3401837008=\"\"><sup _ngcontent-ng-c3401837008=\"\" class=\"superscript\" data-turn-source-index=\"31\"><\/sup><\/source-footnote><source-footnote ng-version=\"0.0.0-PLACEHOLDER\" _nghost-ng-c3401837008=\"\"><sup _ngcontent-ng-c3401837008=\"\" class=\"superscript\" data-turn-source-index=\"31\"><\/sup><\/source-footnote><source-footnote ng-version=\"0.0.0-PLACEHOLDER\" _nghost-ng-c3401837008=\"\"><sup _ngcontent-ng-c3401837008=\"\" class=\"superscript\" data-turn-source-index=\"31\"><\/sup><\/source-footnote><\/span><\/span><sources-carousel-inline ng-version=\"0.0.0-PLACEHOLDER\" _nghost-ng-c1938874173=\"\"><\/sources-carousel-inline><\/p>\n<p>[\/et_pb_text][\/et_pb_column][et_pb_column _builder_version=&#8221;4.27.6&#8243; _module_preset=&#8221;default&#8221; type=&#8221;1_2&#8243;][et_pb_text _builder_version=&#8221;4.27.6&#8243; _module_preset=&#8221;default&#8221; text_font_size=&#8221;15px&#8221; text_orientation=&#8221;justified&#8221; hover_enabled=&#8221;0&#8243; global_colors_info=&#8221;{}&#8221; sticky_enabled=&#8221;0&#8243;]<\/p>\n<p data-path-to-node=\"26\" id=\"p-rc_10474960509641cc-30\"><span data-path-to-node=\"26,0\"><span class=\"citation-41\"><\/span><\/span><span data-path-to-node=\"26,1\"><span class=\"citation-41\">A <\/span><b data-path-to-node=\"26,1\" data-index-in-node=\"2\"><span class=\"citation-41\">RightChallenge \u2013 Associa\u00e7\u00e3o<\/span><\/b><span class=\"citation-41\"> tem o prazer de anunciar uma nova etapa do projeto europeu <\/span><b data-path-to-node=\"26,1\" data-index-in-node=\"89\"><span class=\"citation-41\">&#8220;SOS \u2013 Should I Stay Or Should I Go?&#8221;<\/span><\/b><span class=\"citation-41\">, desta vez em parceria direta com a <\/span><b data-path-to-node=\"26,1\" data-index-in-node=\"163\"><span class=\"citation-41\">Junta de Freguesia de Oliveira do Douro<\/span><\/b><span class=\"citation-41\">.\u00a0<\/span><\/span><\/p>\n<p data-path-to-node=\"27\" id=\"p-rc_10474960509641cc-31\"><span data-path-to-node=\"27,0\"><span class=\"citation-40\"><\/span><\/span><span data-path-to-node=\"27,1\"><span class=\"citation-40\">No pr\u00f3ximo dia <\/span><b data-path-to-node=\"27,1\" data-index-in-node=\"15\"><span class=\"citation-40\">7 de maio de 2026<\/span><\/b><span class=\"citation-40\">, pelas <\/span><b data-path-to-node=\"27,1\" data-index-in-node=\"40\"><span class=\"citation-40\">17:00<\/span><\/b><span class=\"citation-40\">, o Sal\u00e3o Nobre da Junta de Freguesia ser\u00e1 o palco de um evento de recrutamento para a constitui\u00e7\u00e3o da <\/span><b data-path-to-node=\"27,1\" data-index-in-node=\"148\"><span class=\"citation-40\">Equipa Juvenil SOS<\/span><\/b><span class=\"citation-40\"> local. <\/span><\/span><span data-path-to-node=\"27,2\"><span class=\"citation-40 citation-end-40\"><source-footnote ng-version=\"0.0.0-PLACEHOLDER\" _nghost-ng-c3401837008=\"\"><sup _ngcontent-ng-c3401837008=\"\" class=\"superscript\" data-turn-source-index=\"22\"><\/sup><\/source-footnote><source-footnote ng-version=\"0.0.0-PLACEHOLDER\" _nghost-ng-c3401837008=\"\"><sup _ngcontent-ng-c3401837008=\"\" class=\"superscript\" data-turn-source-index=\"22\"><\/sup><\/source-footnote><source-footnote ng-version=\"0.0.0-PLACEHOLDER\" _nghost-ng-c3401837008=\"\"><sup _ngcontent-ng-c3401837008=\"\" class=\"superscript\" data-turn-source-index=\"22\"><\/sup><\/source-footnote><source-footnote ng-version=\"0.0.0-PLACEHOLDER\" _nghost-ng-c3401837008=\"\"><sup _ngcontent-ng-c3401837008=\"\" class=\"superscript\" data-turn-source-index=\"22\"><\/sup><\/source-footnote><source-footnote ng-version=\"0.0.0-PLACEHOLDER\" _nghost-ng-c3401837008=\"\"><sup _ngcontent-ng-c3401837008=\"\" class=\"superscript\" data-turn-source-index=\"22\"><\/sup><\/source-footnote><source-footnote ng-version=\"0.0.0-PLACEHOLDER\" _nghost-ng-c3401837008=\"\"><sup _ngcontent-ng-c3401837008=\"\" class=\"superscript\" data-turn-source-index=\"22\"><\/sup><\/source-footnote><source-footnote ng-version=\"0.0.0-PLACEHOLDER\" _nghost-ng-c3401837008=\"\"><sup _ngcontent-ng-c3401837008=\"\" class=\"superscript\" data-turn-source-index=\"22\"><\/sup><\/source-footnote><source-footnote ng-version=\"0.0.0-PLACEHOLDER\" _nghost-ng-c3401837008=\"\"><sup _ngcontent-ng-c3401837008=\"\" class=\"superscript\" data-turn-source-index=\"22\"><\/sup><\/source-footnote><source-footnote ng-version=\"0.0.0-PLACEHOLDER\" _nghost-ng-c3401837008=\"\"><sup _ngcontent-ng-c3401837008=\"\" class=\"superscript\" data-turn-source-index=\"22\"><\/sup><\/source-footnote><source-footnote ng-version=\"0.0.0-PLACEHOLDER\" _nghost-ng-c3401837008=\"\"><sup _ngcontent-ng-c3401837008=\"\" class=\"superscript\" data-turn-source-index=\"22\"><\/sup><\/source-footnote><source-footnote ng-version=\"0.0.0-PLACEHOLDER\" _nghost-ng-c3401837008=\"\"><sup _ngcontent-ng-c3401837008=\"\" class=\"superscript\" data-turn-source-index=\"22\"><\/sup><\/source-footnote><source-footnote ng-version=\"0.0.0-PLACEHOLDER\" _nghost-ng-c3401837008=\"\"><sup _ngcontent-ng-c3401837008=\"\" class=\"superscript\" data-turn-source-index=\"22\"><\/sup><\/source-footnote><source-footnote ng-version=\"0.0.0-PLACEHOLDER\" _nghost-ng-c3401837008=\"\"><sup _ngcontent-ng-c3401837008=\"\" class=\"superscript\" data-turn-source-index=\"22\"><\/sup><\/source-footnote><source-footnote ng-version=\"0.0.0-PLACEHOLDER\" _nghost-ng-c3401837008=\"\"><sup _ngcontent-ng-c3401837008=\"\" class=\"superscript\" data-turn-source-index=\"22\"><\/sup><\/source-footnote><source-footnote ng-version=\"0.0.0-PLACEHOLDER\" _nghost-ng-c3401837008=\"\"><sup _ngcontent-ng-c3401837008=\"\" class=\"superscript\" data-turn-source-index=\"22\"><\/sup><\/source-footnote><source-footnote ng-version=\"0.0.0-PLACEHOLDER\" _nghost-ng-c3401837008=\"\"><sup _ngcontent-ng-c3401837008=\"\" class=\"superscript\" data-turn-source-index=\"22\"><\/sup><\/source-footnote><\/span><\/span><span data-path-to-node=\"27,3\"><span class=\"citation-39\"><\/span><\/span><span data-path-to-node=\"27,4\"><span class=\"citation-39\">Esta iniciativa, cofinanciada pela Uni\u00e3o Europeia, visa combater o isolamento e valorizar a identidade dos territ\u00f3rios atrav\u00e9s do protagonismo dos jovens. <\/span><\/span><\/p>\n<p>[\/et_pb_text][et_pb_text _builder_version=&#8221;4.27.6&#8243; _module_preset=&#8221;default&#8221; text_font_size=&#8221;15px&#8221; text_orientation=&#8221;justified&#8221; hover_enabled=&#8221;0&#8243; global_colors_info=&#8221;{}&#8221; sticky_enabled=&#8221;0&#8243;]<\/p>\n<p data-path-to-node=\"28\" id=\"p-rc_10474960509641cc-32\"><span data-path-to-node=\"28,0\"><b data-path-to-node=\"28,0\" data-index-in-node=\"0\">O que \u00e9 a Equipa Juvenil SOS?<\/b> <\/span><\/p>\n<p data-path-to-node=\"28\"><span data-path-to-node=\"28,1\"><span class=\"citation-38\"><\/span><\/span><span data-path-to-node=\"28,2\"><span class=\"citation-38\">Este grupo ser\u00e1 composto por jovens entre os 18 e os 30 anos que desejam adquirir compet\u00eancias pr\u00e1ticas em \u00e1reas como lideran\u00e7a, investiga\u00e7\u00e3o social e comunica\u00e7\u00e3o digital. <\/span><\/span><span data-path-to-node=\"28,3\"><span class=\"citation-38 citation-end-38\"><source-footnote ng-version=\"0.0.0-PLACEHOLDER\" _nghost-ng-c3401837008=\"\"><sup _ngcontent-ng-c3401837008=\"\" class=\"superscript\" data-turn-source-index=\"24\"><\/sup><\/source-footnote><source-footnote ng-version=\"0.0.0-PLACEHOLDER\" _nghost-ng-c3401837008=\"\"><sup _ngcontent-ng-c3401837008=\"\" class=\"superscript\" data-turn-source-index=\"24\"><\/sup><\/source-footnote><source-footnote ng-version=\"0.0.0-PLACEHOLDER\" _nghost-ng-c3401837008=\"\"><sup _ngcontent-ng-c3401837008=\"\" class=\"superscript\" data-turn-source-index=\"24\"><\/sup><\/source-footnote><source-footnote ng-version=\"0.0.0-PLACEHOLDER\" _nghost-ng-c3401837008=\"\"><sup _ngcontent-ng-c3401837008=\"\" class=\"superscript\" data-turn-source-index=\"24\"><\/sup><\/source-footnote><\/span><\/span><span data-path-to-node=\"28,4\"> Os participantes ter\u00e3o a oportunidade \u00fanica de:<\/span><sources-carousel-inline ng-version=\"0.0.0-PLACEHOLDER\" _nghost-ng-c1938874173=\"\">\u00a0<\/sources-carousel-inline><\/p>\n<ul data-path-to-node=\"29\">\n<li>\n<p data-path-to-node=\"29,0,1\" id=\"p-rc_10474960509641cc-33\"><span data-path-to-node=\"29,0,1,0\"><b data-path-to-node=\"29,0,1,0\" data-index-in-node=\"0\"><span class=\"citation-37\">Criar um Geopodcast:<\/span><\/b><span class=\"citation-37\"> Um roteiro sonoro digital que mapeia as hist\u00f3rias e o potencial de Oliveira do Douro. <\/span><\/span><span data-path-to-node=\"29,0,1,1\"><span class=\"citation-37 citation-end-37\"><source-footnote ng-version=\"0.0.0-PLACEHOLDER\" _nghost-ng-c3401837008=\"\"><sup _ngcontent-ng-c3401837008=\"\" class=\"superscript\" data-turn-source-index=\"25\"><\/sup><\/source-footnote><source-footnote ng-version=\"0.0.0-PLACEHOLDER\" _nghost-ng-c3401837008=\"\"><sup _ngcontent-ng-c3401837008=\"\" class=\"superscript\" data-turn-source-index=\"25\"><\/sup><\/source-footnote><source-footnote ng-version=\"0.0.0-PLACEHOLDER\" _nghost-ng-c3401837008=\"\"><sup _ngcontent-ng-c3401837008=\"\" class=\"superscript\" data-turn-source-index=\"25\"><\/sup><\/source-footnote><source-footnote ng-version=\"0.0.0-PLACEHOLDER\" _nghost-ng-c3401837008=\"\"><sup _ngcontent-ng-c3401837008=\"\" class=\"superscript\" data-turn-source-index=\"25\"><\/sup><\/source-footnote><\/span><\/span><sources-carousel-inline ng-version=\"0.0.0-PLACEHOLDER\" _nghost-ng-c1938874173=\"\"><source-inline-chip _ngcontent-ng-c1938874173=\"\" _nghost-ng-c907238092=\"\" class=\"ng-star-inserted\"><\/source-inline-chip><\/sources-carousel-inline><\/p>\n<\/li>\n<li>\n<p data-path-to-node=\"29,1,1\" id=\"p-rc_10474960509641cc-34\"><span data-path-to-node=\"29,1,1,0\"><b data-path-to-node=\"29,1,1,0\" data-index-in-node=\"0\"><span class=\"citation-36\">Mobilidade Internacional:<\/span><\/b><span class=\"citation-36\"> Colaborar com redes de jovens de toda a Europa. <\/span><\/span><span data-path-to-node=\"29,1,1,1\"><span class=\"citation-36 citation-end-36\"><source-footnote ng-version=\"0.0.0-PLACEHOLDER\" _nghost-ng-c3401837008=\"\"><sup _ngcontent-ng-c3401837008=\"\" class=\"superscript\" data-turn-source-index=\"26\"><\/sup><\/source-footnote><\/span><\/span><sources-carousel-inline ng-version=\"0.0.0-PLACEHOLDER\" _nghost-ng-c1938874173=\"\"><source-inline-chip _ngcontent-ng-c1938874173=\"\" _nghost-ng-c907238092=\"\" class=\"ng-star-inserted\"><\/source-inline-chip><\/sources-carousel-inline><\/p>\n<\/li>\n<li>\n<p data-path-to-node=\"29,2,1\" id=\"p-rc_10474960509641cc-35\"><span data-path-to-node=\"29,2,1,0\"><b data-path-to-node=\"29,2,1,0\" data-index-in-node=\"0\"><span class=\"citation-35\">Impacto Pol\u00edtico:<\/span><\/b><span class=\"citation-35\"> Contribuir para a elabora\u00e7\u00e3o de propostas de pol\u00edticas p\u00fablicas destinadas a \u00e1reas remotas ou em transi\u00e7\u00e3o. <\/span><\/span><span data-path-to-node=\"29,2,1,1\"><span class=\"citation-35 citation-end-35\"><source-footnote ng-version=\"0.0.0-PLACEHOLDER\" _nghost-ng-c3401837008=\"\"><sup _ngcontent-ng-c3401837008=\"\" class=\"superscript\" data-turn-source-index=\"27\"><\/sup><\/source-footnote><\/span><\/span><sources-carousel-inline ng-version=\"0.0.0-PLACEHOLDER\" _nghost-ng-c1938874173=\"\"><source-inline-chip _ngcontent-ng-c1938874173=\"\" _nghost-ng-c907238092=\"\" class=\"ng-star-inserted\"><\/source-inline-chip><\/sources-carousel-inline><\/p>\n<\/li>\n<\/ul>\n<p>[\/et_pb_text][\/et_pb_column][\/et_pb_row][\/et_pb_section]<\/p>\n","protected":false},"excerpt":{"rendered":"<p>Compromisso com o Territ\u00f3rio Para a RightChallenge, esta colabora\u00e7\u00e3o com a Junta de Freguesia de Oliveira do Douro \u00e9 fundamental para garantir que as oportunidades europeias chegam ao terreno e beneficiam diretamente quem vive e sente a freguesia. Junta-te a n\u00f3s e muda a narrativa da tua comunidade! A RightChallenge \u2013 Associa\u00e7\u00e3o tem o prazer [&hellip;]<\/p>\n","protected":false},"author":2,"featured_media":0,"comment_status":"open","ping_status":"closed","sticky":false,"template":"","format":"standard","meta":{"_et_pb_use_builder":"on","_et_pb_old_content":"","_et_gb_content_width":"","_monsterinsights_skip_tracking":false,"_monsterinsights_sitenote_active":false,"_monsterinsights_sitenote_note":"","_monsterinsights_sitenote_category":0,"footnotes":""},"categories":[30],"tags":[43],"class_list":["post-5788","post","type-post","status-publish","format-standard","hentry","category-sos-should-i-stay-or-shoul-i-go","tag-sos-erasmusplus-juventudrural-participacaojuvenil-desenvolvimentorural-europa"],"yoast_head":"<!-- This site is optimized with the Yoast SEO plugin v27.5 - https:\/\/yoast.com\/product\/yoast-seo-wordpress\/ -->\n<title>RightChallenge e Junta de Freguesia de Oliveira do Douro unem esfor\u00e7os para capacitar a juventude local - Rightchallenge<\/title>\n<meta name=\"robots\" content=\"index, follow, max-snippet:-1, max-image-preview:large, max-video-preview:-1\" \/>\n<link rel=\"canonical\" href=\"https:\/\/rightchallenge.org\/en\/convite-a-participacao-equipa-juvenil-sos-avintes-2\/\" \/>\n<meta property=\"og:locale\" content=\"en_GB\" \/>\n<meta property=\"og:type\" content=\"article\" \/>\n<meta property=\"og:title\" content=\"RightChallenge e Junta de Freguesia de Oliveira do Douro unem esfor\u00e7os para capacitar a juventude local - Rightchallenge\" \/>\n<meta property=\"og:description\" content=\"Compromisso com o Territ\u00f3rio Para a RightChallenge, esta colabora\u00e7\u00e3o com a Junta de Freguesia de Oliveira do Douro \u00e9 fundamental para garantir que as oportunidades europeias chegam ao terreno e beneficiam diretamente quem vive e sente a freguesia. Junta-te a n\u00f3s e muda a narrativa da tua comunidade! A RightChallenge \u2013 Associa\u00e7\u00e3o tem o prazer [&hellip;]\" \/>\n<meta property=\"og:url\" content=\"https:\/\/rightchallenge.org\/en\/convite-a-participacao-equipa-juvenil-sos-avintes-2\/\" \/>\n<meta property=\"og:site_name\" content=\"Rightchallenge\" \/>\n<meta property=\"article:published_time\" content=\"2026-04-30T12:30:31+00:00\" \/>\n<meta property=\"article:modified_time\" content=\"2026-04-30T12:32:29+00:00\" \/>\n<meta name=\"author\" content=\"Righchallenge\" \/>\n<meta name=\"twitter:card\" content=\"summary_large_image\" \/>\n<meta name=\"twitter:label1\" content=\"Written by\" \/>\n\t<meta name=\"twitter:data1\" content=\"Righchallenge\" \/>\n<script type=\"application\/ld+json\" class=\"yoast-schema-graph\">{\"@context\":\"https:\\\/\\\/schema.org\",\"@graph\":[{\"@type\":\"Article\",\"@id\":\"https:\\\/\\\/rightchallenge.org\\\/convite-a-participacao-equipa-juvenil-sos-avintes-2\\\/#article\",\"isPartOf\":{\"@id\":\"https:\\\/\\\/rightchallenge.org\\\/convite-a-participacao-equipa-juvenil-sos-avintes-2\\\/\"},\"author\":{\"name\":\"Righchallenge\",\"@id\":\"https:\\\/\\\/rightchallenge.org\\\/#\\\/schema\\\/person\\\/c055d26fd0c0ef7284a434fb3a01c681\"},\"headline\":\"RightChallenge e Junta de Freguesia de Oliveira do Douro unem esfor\u00e7os para capacitar a juventude local\",\"datePublished\":\"2026-04-30T12:30:31+00:00\",\"dateModified\":\"2026-04-30T12:32:29+00:00\",\"mainEntityOfPage\":{\"@id\":\"https:\\\/\\\/rightchallenge.org\\\/convite-a-participacao-equipa-juvenil-sos-avintes-2\\\/\"},\"wordCount\":461,\"commentCount\":0,\"keywords\":[\"#SOS #ErasmusPlus #JuventudRural #Participa\u00e7\u00e3oJuvenil #DesenvolvimentoRural #Europa\"],\"articleSection\":[\"SOS - Should I Stay or Should I Go\"],\"inLanguage\":\"en-GB\",\"potentialAction\":[{\"@type\":\"CommentAction\",\"name\":\"Comment\",\"target\":[\"https:\\\/\\\/rightchallenge.org\\\/convite-a-participacao-equipa-juvenil-sos-avintes-2\\\/#respond\"]}]},{\"@type\":\"WebPage\",\"@id\":\"https:\\\/\\\/rightchallenge.org\\\/convite-a-participacao-equipa-juvenil-sos-avintes-2\\\/\",\"url\":\"https:\\\/\\\/rightchallenge.org\\\/convite-a-participacao-equipa-juvenil-sos-avintes-2\\\/\",\"name\":\"RightChallenge e Junta de Freguesia de Oliveira do Douro unem esfor\u00e7os para capacitar a juventude local - Rightchallenge\",\"isPartOf\":{\"@id\":\"https:\\\/\\\/rightchallenge.org\\\/#website\"},\"datePublished\":\"2026-04-30T12:30:31+00:00\",\"dateModified\":\"2026-04-30T12:32:29+00:00\",\"author\":{\"@id\":\"https:\\\/\\\/rightchallenge.org\\\/#\\\/schema\\\/person\\\/c055d26fd0c0ef7284a434fb3a01c681\"},\"breadcrumb\":{\"@id\":\"https:\\\/\\\/rightchallenge.org\\\/convite-a-participacao-equipa-juvenil-sos-avintes-2\\\/#breadcrumb\"},\"inLanguage\":\"en-GB\",\"potentialAction\":[{\"@type\":\"ReadAction\",\"target\":[\"https:\\\/\\\/rightchallenge.org\\\/convite-a-participacao-equipa-juvenil-sos-avintes-2\\\/\"]}]},{\"@type\":\"BreadcrumbList\",\"@id\":\"https:\\\/\\\/rightchallenge.org\\\/convite-a-participacao-equipa-juvenil-sos-avintes-2\\\/#breadcrumb\",\"itemListElement\":[{\"@type\":\"ListItem\",\"position\":1,\"name\":\"In\u00edcio\",\"item\":\"https:\\\/\\\/rightchallenge.org\\\/\"},{\"@type\":\"ListItem\",\"position\":2,\"name\":\"RightChallenge e Junta de Freguesia de Oliveira do Douro unem esfor\u00e7os para capacitar a juventude local\"}]},{\"@type\":\"WebSite\",\"@id\":\"https:\\\/\\\/rightchallenge.org\\\/#website\",\"url\":\"https:\\\/\\\/rightchallenge.org\\\/\",\"name\":\"Rightchallenge\",\"description\":\"Associa\u00e7\u00e3o\",\"potentialAction\":[{\"@type\":\"SearchAction\",\"target\":{\"@type\":\"EntryPoint\",\"urlTemplate\":\"https:\\\/\\\/rightchallenge.org\\\/?s={search_term_string}\"},\"query-input\":{\"@type\":\"PropertyValueSpecification\",\"valueRequired\":true,\"valueName\":\"search_term_string\"}}],\"inLanguage\":\"en-GB\"},{\"@type\":\"Person\",\"@id\":\"https:\\\/\\\/rightchallenge.org\\\/#\\\/schema\\\/person\\\/c055d26fd0c0ef7284a434fb3a01c681\",\"name\":\"Righchallenge\",\"image\":{\"@type\":\"ImageObject\",\"inLanguage\":\"en-GB\",\"@id\":\"https:\\\/\\\/secure.gravatar.com\\\/avatar\\\/316d2bd1788dea98bad763ddecdc72ea95bec82b19fb3ac81a73e8626d8c1b14?s=96&d=mm&r=g\",\"url\":\"https:\\\/\\\/secure.gravatar.com\\\/avatar\\\/316d2bd1788dea98bad763ddecdc72ea95bec82b19fb3ac81a73e8626d8c1b14?s=96&d=mm&r=g\",\"contentUrl\":\"https:\\\/\\\/secure.gravatar.com\\\/avatar\\\/316d2bd1788dea98bad763ddecdc72ea95bec82b19fb3ac81a73e8626d8c1b14?s=96&d=mm&r=g\",\"caption\":\"Righchallenge\"},\"url\":\"https:\\\/\\\/rightchallenge.org\\\/en\\\/author\\\/rca\\\/\"}]}<\/script>\n<!-- \/ Yoast SEO plugin. -->","yoast_head_json":{"title":"RightChallenge e Junta de Freguesia de Oliveira do Douro unem esfor\u00e7os para capacitar a juventude local - Rightchallenge","robots":{"index":"index","follow":"follow","max-snippet":"max-snippet:-1","max-image-preview":"max-image-preview:large","max-video-preview":"max-video-preview:-1"},"canonical":"https:\/\/rightchallenge.org\/en\/convite-a-participacao-equipa-juvenil-sos-avintes-2\/","og_locale":"en_GB","og_type":"article","og_title":"RightChallenge e Junta de Freguesia de Oliveira do Douro unem esfor\u00e7os para capacitar a juventude local - Rightchallenge","og_description":"Compromisso com o Territ\u00f3rio Para a RightChallenge, esta colabora\u00e7\u00e3o com a Junta de Freguesia de Oliveira do Douro \u00e9 fundamental para garantir que as oportunidades europeias chegam ao terreno e beneficiam diretamente quem vive e sente a freguesia. Junta-te a n\u00f3s e muda a narrativa da tua comunidade! A RightChallenge \u2013 Associa\u00e7\u00e3o tem o prazer [&hellip;]","og_url":"https:\/\/rightchallenge.org\/en\/convite-a-participacao-equipa-juvenil-sos-avintes-2\/","og_site_name":"Rightchallenge","article_published_time":"2026-04-30T12:30:31+00:00","article_modified_time":"2026-04-30T12:32:29+00:00","author":"Righchallenge","twitter_card":"summary_large_image","twitter_misc":{"Written by":"Righchallenge"},"schema":{"@context":"https:\/\/schema.org","@graph":[{"@type":"Article","@id":"https:\/\/rightchallenge.org\/convite-a-participacao-equipa-juvenil-sos-avintes-2\/#article","isPartOf":{"@id":"https:\/\/rightchallenge.org\/convite-a-participacao-equipa-juvenil-sos-avintes-2\/"},"author":{"name":"Righchallenge","@id":"https:\/\/rightchallenge.org\/#\/schema\/person\/c055d26fd0c0ef7284a434fb3a01c681"},"headline":"RightChallenge e Junta de Freguesia de Oliveira do Douro unem esfor\u00e7os para capacitar a juventude local","datePublished":"2026-04-30T12:30:31+00:00","dateModified":"2026-04-30T12:32:29+00:00","mainEntityOfPage":{"@id":"https:\/\/rightchallenge.org\/convite-a-participacao-equipa-juvenil-sos-avintes-2\/"},"wordCount":461,"commentCount":0,"keywords":["#SOS #ErasmusPlus #JuventudRural #Participa\u00e7\u00e3oJuvenil #DesenvolvimentoRural #Europa"],"articleSection":["SOS - Should I Stay or Should I Go"],"inLanguage":"en-GB","potentialAction":[{"@type":"CommentAction","name":"Comment","target":["https:\/\/rightchallenge.org\/convite-a-participacao-equipa-juvenil-sos-avintes-2\/#respond"]}]},{"@type":"WebPage","@id":"https:\/\/rightchallenge.org\/convite-a-participacao-equipa-juvenil-sos-avintes-2\/","url":"https:\/\/rightchallenge.org\/convite-a-participacao-equipa-juvenil-sos-avintes-2\/","name":"RightChallenge e Junta de Freguesia de Oliveira do Douro unem esfor\u00e7os para capacitar a juventude local - Rightchallenge","isPartOf":{"@id":"https:\/\/rightchallenge.org\/#website"},"datePublished":"2026-04-30T12:30:31+00:00","dateModified":"2026-04-30T12:32:29+00:00","author":{"@id":"https:\/\/rightchallenge.org\/#\/schema\/person\/c055d26fd0c0ef7284a434fb3a01c681"},"breadcrumb":{"@id":"https:\/\/rightchallenge.org\/convite-a-participacao-equipa-juvenil-sos-avintes-2\/#breadcrumb"},"inLanguage":"en-GB","potentialAction":[{"@type":"ReadAction","target":["https:\/\/rightchallenge.org\/convite-a-participacao-equipa-juvenil-sos-avintes-2\/"]}]},{"@type":"BreadcrumbList","@id":"https:\/\/rightchallenge.org\/convite-a-participacao-equipa-juvenil-sos-avintes-2\/#breadcrumb","itemListElement":[{"@type":"ListItem","position":1,"name":"In\u00edcio","item":"https:\/\/rightchallenge.org\/"},{"@type":"ListItem","position":2,"name":"RightChallenge e Junta de Freguesia de Oliveira do Douro unem esfor\u00e7os para capacitar a juventude local"}]},{"@type":"WebSite","@id":"https:\/\/rightchallenge.org\/#website","url":"https:\/\/rightchallenge.org\/","name":"Rightchallenge","description":"Associa\u00e7\u00e3o","potentialAction":[{"@type":"SearchAction","target":{"@type":"EntryPoint","urlTemplate":"https:\/\/rightchallenge.org\/?s={search_term_string}"},"query-input":{"@type":"PropertyValueSpecification","valueRequired":true,"valueName":"search_term_string"}}],"inLanguage":"en-GB"},{"@type":"Person","@id":"https:\/\/rightchallenge.org\/#\/schema\/person\/c055d26fd0c0ef7284a434fb3a01c681","name":"Righchallenge","image":{"@type":"ImageObject","inLanguage":"en-GB","@id":"https:\/\/secure.gravatar.com\/avatar\/316d2bd1788dea98bad763ddecdc72ea95bec82b19fb3ac81a73e8626d8c1b14?s=96&d=mm&r=g","url":"https:\/\/secure.gravatar.com\/avatar\/316d2bd1788dea98bad763ddecdc72ea95bec82b19fb3ac81a73e8626d8c1b14?s=96&d=mm&r=g","contentUrl":"https:\/\/secure.gravatar.com\/avatar\/316d2bd1788dea98bad763ddecdc72ea95bec82b19fb3ac81a73e8626d8c1b14?s=96&d=mm&r=g","caption":"Righchallenge"},"url":"https:\/\/rightchallenge.org\/en\/author\/rca\/"}]}},"_links":{"self":[{"href":"https:\/\/rightchallenge.org\/en\/wp-json\/wp\/v2\/posts\/5788","targetHints":{"allow":["GET"]}}],"collection":[{"href":"https:\/\/rightchallenge.org\/en\/wp-json\/wp\/v2\/posts"}],"about":[{"href":"https:\/\/rightchallenge.org\/en\/wp-json\/wp\/v2\/types\/post"}],"author":[{"embeddable":true,"href":"https:\/\/rightchallenge.org\/en\/wp-json\/wp\/v2\/users\/2"}],"replies":[{"embeddable":true,"href":"https:\/\/rightchallenge.org\/en\/wp-json\/wp\/v2\/comments?post=5788"}],"version-history":[{"count":3,"href":"https:\/\/rightchallenge.org\/en\/wp-json\/wp\/v2\/posts\/5788\/revisions"}],"predecessor-version":[{"id":5794,"href":"https:\/\/rightchallenge.org\/en\/wp-json\/wp\/v2\/posts\/5788\/revisions\/5794"}],"wp:attachment":[{"href":"https:\/\/rightchallenge.org\/en\/wp-json\/wp\/v2\/media?parent=5788"}],"wp:term":[{"taxonomy":"category","embeddable":true,"href":"https:\/\/rightchallenge.org\/en\/wp-json\/wp\/v2\/categories?post=5788"},{"taxonomy":"post_tag","embeddable":true,"href":"https:\/\/rightchallenge.org\/en\/wp-json\/wp\/v2\/tags?post=5788"}],"curies":[{"name":"wp","href":"https:\/\/api.w.org\/{rel}","templated":true}]}}