{"id":5291,"date":"2025-12-05T12:54:24","date_gmt":"2025-12-05T11:54:24","guid":{"rendered":"https:\/\/rightchallenge.org\/?p=5291"},"modified":"2026-03-20T16:22:55","modified_gmt":"2026-03-20T15:22:55","slug":"get-political-1a-newsletter-reuniao-de-inicio-do-projeto-no-porto","status":"publish","type":"post","link":"https:\/\/rightchallenge.org\/en\/get-political-1a-newsletter-reuniao-de-inicio-do-projeto-no-porto\/","title":{"rendered":"GET POLITICAL 1\u00aa Newsletter: Reuni\u00e3o de in\u00edcio do projeto no Porto"},"content":{"rendered":"\n[et_pb_section fb_built=&#8221;1&#8243; _builder_version=&#8221;4.27.4&#8243; _module_preset=&#8221;default&#8221; min_height=&#8221;136px&#8221; custom_margin=&#8221;-14px|||||&#8221; custom_padding=&#8221;0px|||||&#8221; global_colors_info=&#8221;{}&#8221;][\/et_pb_section][et_pb_section fb_built=&#8221;1&#8243; _builder_version=&#8221;4.27.4&#8243; _module_preset=&#8221;default&#8221; min_height=&#8221;269.4px&#8221; custom_margin=&#8221;-143px|||||&#8221; custom_padding=&#8221;11px|||||&#8221; global_colors_info=&#8221;{}&#8221;][et_pb_row _builder_version=&#8221;4.27.4&#8243; _module_preset=&#8221;default&#8221; min_height=&#8221;129.6px&#8221; custom_padding=&#8221;7px|||||&#8221; global_colors_info=&#8221;{}&#8221;][et_pb_column type=&#8221;4_4&#8243; _builder_version=&#8221;4.27.4&#8243; _module_preset=&#8221;default&#8221; global_colors_info=&#8221;{}&#8221;][et_pb_text _builder_version=&#8221;4.27.5&#8243; _module_preset=&#8221;default&#8221; global_colors_info=&#8221;{}&#8221;]<p data-start=\"947\" data-end=\"1862\"><span>J\u00e1 saiu a 1\u00aa newsletter do projeto GET POLITICAL! Saiba mais sobre os eventos que marcaram o primeiro semestre do projeto, como a reuni\u00e3o de in\u00edcio de projeto que teve lugar no Porto, organizada pela RightChallenge.<\/span><\/p>\n<p data-start=\"947\" data-end=\"1862\"><strong>Siga-nos! <a href=\"https:\/\/www.instagram.com\/getpoliticalprojecteu\/\">Instagram<\/a> | <a href=\"https:\/\/getpolitical-project.eu\/pt\/\">Site<\/a><\/strong><\/p>[\/et_pb_text][\/et_pb_column][\/et_pb_row][et_pb_row _builder_version=&#8221;4.27.4&#8243; _module_preset=&#8221;default&#8221; global_colors_info=&#8221;{}&#8221;][et_pb_column type=&#8221;4_4&#8243; _builder_version=&#8221;4.27.4&#8243; _module_preset=&#8221;default&#8221; global_colors_info=&#8221;{}&#8221;][et_pb_image src=&#8221;https:\/\/rightchallenge.org\/wp-content\/uploads\/2026\/01\/Portuguese_Get-Political-First-Newsletter_ENG.jpg&#8221; title_text=&#8221;Portuguese_Get Political First Newsletter_ENG&#8221; _builder_version=&#8221;4.27.5&#8243; _module_preset=&#8221;default&#8221; hover_enabled=&#8221;0&#8243; global_colors_info=&#8221;{}&#8221; sticky_enabled=&#8221;0&#8243;][\/et_pb_image][\/et_pb_column][\/et_pb_row][\/et_pb_section][et_pb_section fb_built=&#8221;1&#8243; _builder_version=&#8221;4.27.4&#8243; _module_preset=&#8221;default&#8221; custom_margin=&#8221;-75px|||||&#8221; custom_padding=&#8221;0px||0px|||&#8221; global_colors_info=&#8221;{}&#8221;][\/et_pb_section]\n","protected":false},"excerpt":{"rendered":"<p>J\u00e1 saiu a 1\u00aa newsletter do projeto GET POLITICAL! Saiba mais sobre os eventos que marcaram o primeiro semestre do projeto, como a reuni\u00e3o de in\u00edcio de projeto que teve lugar no Porto, organizada pela RightChallenge. Siga-nos! Instagram | Site<\/p>","protected":false},"author":2,"featured_media":0,"comment_status":"open","ping_status":"closed","sticky":false,"template":"","format":"standard","meta":{"_et_pb_use_builder":"on","_et_pb_old_content":"","_et_gb_content_width":"","_monsterinsights_skip_tracking":false,"_monsterinsights_sitenote_active":false,"_monsterinsights_sitenote_note":"","_monsterinsights_sitenote_category":0,"footnotes":""},"categories":[44],"tags":[],"class_list":["post-5291","post","type-post","status-publish","format-standard","hentry","category-get-political"],"yoast_head":"<!-- This site is optimized with the Yoast SEO plugin v27.5 - https:\/\/yoast.com\/product\/yoast-seo-wordpress\/ -->\n<title>GET POLITICAL 1\u00aa Newsletter: Reuni\u00e3o de in\u00edcio do projeto no Porto - Rightchallenge<\/title>\n<meta name=\"robots\" content=\"index, follow, max-snippet:-1, max-image-preview:large, max-video-preview:-1\" \/>\n<link rel=\"canonical\" href=\"https:\/\/rightchallenge.org\/en\/get-political-1a-newsletter-reuniao-de-inicio-do-projeto-no-porto\/\" \/>\n<meta property=\"og:locale\" content=\"en_GB\" \/>\n<meta property=\"og:type\" content=\"article\" \/>\n<meta property=\"og:title\" content=\"GET POLITICAL 1\u00aa Newsletter: Reuni\u00e3o de in\u00edcio do projeto no Porto - Rightchallenge\" \/>\n<meta property=\"og:description\" content=\"J\u00e1 saiu a 1\u00aa newsletter do projeto GET POLITICAL! Saiba mais sobre os eventos que marcaram o primeiro semestre do projeto, como a reuni\u00e3o de in\u00edcio de projeto que teve lugar no Porto, organizada pela RightChallenge. Siga-nos! Instagram | Site\" \/>\n<meta property=\"og:url\" content=\"https:\/\/rightchallenge.org\/en\/get-political-1a-newsletter-reuniao-de-inicio-do-projeto-no-porto\/\" \/>\n<meta property=\"og:site_name\" content=\"Rightchallenge\" \/>\n<meta property=\"article:published_time\" content=\"2025-12-05T11:54:24+00:00\" \/>\n<meta property=\"article:modified_time\" content=\"2026-03-20T15:22:55+00:00\" \/>\n<meta name=\"author\" content=\"Righchallenge\" \/>\n<meta name=\"twitter:card\" content=\"summary_large_image\" \/>\n<meta name=\"twitter:label1\" content=\"Written by\" \/>\n\t<meta name=\"twitter:data1\" content=\"Righchallenge\" \/>\n\t<meta name=\"twitter:label2\" content=\"Estimated reading time\" \/>\n\t<meta name=\"twitter:data2\" content=\"1 minute\" \/>\n<script type=\"application\/ld+json\" class=\"yoast-schema-graph\">{\"@context\":\"https:\\\/\\\/schema.org\",\"@graph\":[{\"@type\":\"Article\",\"@id\":\"https:\\\/\\\/rightchallenge.org\\\/get-political-1a-newsletter-reuniao-de-inicio-do-projeto-no-porto\\\/#article\",\"isPartOf\":{\"@id\":\"https:\\\/\\\/rightchallenge.org\\\/get-political-1a-newsletter-reuniao-de-inicio-do-projeto-no-porto\\\/\"},\"author\":{\"name\":\"Righchallenge\",\"@id\":\"https:\\\/\\\/rightchallenge.org\\\/#\\\/schema\\\/person\\\/c055d26fd0c0ef7284a434fb3a01c681\"},\"headline\":\"GET POLITICAL 1\u00aa Newsletter: Reuni\u00e3o de in\u00edcio do projeto no Porto\",\"datePublished\":\"2025-12-05T11:54:24+00:00\",\"dateModified\":\"2026-03-20T15:22:55+00:00\",\"mainEntityOfPage\":{\"@id\":\"https:\\\/\\\/rightchallenge.org\\\/get-political-1a-newsletter-reuniao-de-inicio-do-projeto-no-porto\\\/\"},\"wordCount\":242,\"commentCount\":0,\"articleSection\":[\"GET Political\"],\"inLanguage\":\"en-GB\",\"potentialAction\":[{\"@type\":\"CommentAction\",\"name\":\"Comment\",\"target\":[\"https:\\\/\\\/rightchallenge.org\\\/get-political-1a-newsletter-reuniao-de-inicio-do-projeto-no-porto\\\/#respond\"]}]},{\"@type\":\"WebPage\",\"@id\":\"https:\\\/\\\/rightchallenge.org\\\/get-political-1a-newsletter-reuniao-de-inicio-do-projeto-no-porto\\\/\",\"url\":\"https:\\\/\\\/rightchallenge.org\\\/get-political-1a-newsletter-reuniao-de-inicio-do-projeto-no-porto\\\/\",\"name\":\"GET POLITICAL 1\u00aa Newsletter: Reuni\u00e3o de in\u00edcio do projeto no Porto - Rightchallenge\",\"isPartOf\":{\"@id\":\"https:\\\/\\\/rightchallenge.org\\\/#website\"},\"datePublished\":\"2025-12-05T11:54:24+00:00\",\"dateModified\":\"2026-03-20T15:22:55+00:00\",\"author\":{\"@id\":\"https:\\\/\\\/rightchallenge.org\\\/#\\\/schema\\\/person\\\/c055d26fd0c0ef7284a434fb3a01c681\"},\"breadcrumb\":{\"@id\":\"https:\\\/\\\/rightchallenge.org\\\/get-political-1a-newsletter-reuniao-de-inicio-do-projeto-no-porto\\\/#breadcrumb\"},\"inLanguage\":\"en-GB\",\"potentialAction\":[{\"@type\":\"ReadAction\",\"target\":[\"https:\\\/\\\/rightchallenge.org\\\/get-political-1a-newsletter-reuniao-de-inicio-do-projeto-no-porto\\\/\"]}]},{\"@type\":\"BreadcrumbList\",\"@id\":\"https:\\\/\\\/rightchallenge.org\\\/get-political-1a-newsletter-reuniao-de-inicio-do-projeto-no-porto\\\/#breadcrumb\",\"itemListElement\":[{\"@type\":\"ListItem\",\"position\":1,\"name\":\"In\u00edcio\",\"item\":\"https:\\\/\\\/rightchallenge.org\\\/\"},{\"@type\":\"ListItem\",\"position\":2,\"name\":\"GET POLITICAL 1\u00aa Newsletter: Reuni\u00e3o de in\u00edcio do projeto no Porto\"}]},{\"@type\":\"WebSite\",\"@id\":\"https:\\\/\\\/rightchallenge.org\\\/#website\",\"url\":\"https:\\\/\\\/rightchallenge.org\\\/\",\"name\":\"Rightchallenge\",\"description\":\"Associa\u00e7\u00e3o\",\"potentialAction\":[{\"@type\":\"SearchAction\",\"target\":{\"@type\":\"EntryPoint\",\"urlTemplate\":\"https:\\\/\\\/rightchallenge.org\\\/?s={search_term_string}\"},\"query-input\":{\"@type\":\"PropertyValueSpecification\",\"valueRequired\":true,\"valueName\":\"search_term_string\"}}],\"inLanguage\":\"en-GB\"},{\"@type\":\"Person\",\"@id\":\"https:\\\/\\\/rightchallenge.org\\\/#\\\/schema\\\/person\\\/c055d26fd0c0ef7284a434fb3a01c681\",\"name\":\"Righchallenge\",\"image\":{\"@type\":\"ImageObject\",\"inLanguage\":\"en-GB\",\"@id\":\"https:\\\/\\\/secure.gravatar.com\\\/avatar\\\/316d2bd1788dea98bad763ddecdc72ea95bec82b19fb3ac81a73e8626d8c1b14?s=96&d=mm&r=g\",\"url\":\"https:\\\/\\\/secure.gravatar.com\\\/avatar\\\/316d2bd1788dea98bad763ddecdc72ea95bec82b19fb3ac81a73e8626d8c1b14?s=96&d=mm&r=g\",\"contentUrl\":\"https:\\\/\\\/secure.gravatar.com\\\/avatar\\\/316d2bd1788dea98bad763ddecdc72ea95bec82b19fb3ac81a73e8626d8c1b14?s=96&d=mm&r=g\",\"caption\":\"Righchallenge\"},\"url\":\"https:\\\/\\\/rightchallenge.org\\\/en\\\/author\\\/rca\\\/\"}]}<\/script>\n<!-- \/ Yoast SEO plugin. -->","yoast_head_json":{"title":"GET POLITICAL 1\u00aa Newsletter: Reuni\u00e3o de in\u00edcio do projeto no Porto - Rightchallenge","robots":{"index":"index","follow":"follow","max-snippet":"max-snippet:-1","max-image-preview":"max-image-preview:large","max-video-preview":"max-video-preview:-1"},"canonical":"https:\/\/rightchallenge.org\/en\/get-political-1a-newsletter-reuniao-de-inicio-do-projeto-no-porto\/","og_locale":"en_GB","og_type":"article","og_title":"GET POLITICAL 1\u00aa Newsletter: Reuni\u00e3o de in\u00edcio do projeto no Porto - Rightchallenge","og_description":"J\u00e1 saiu a 1\u00aa newsletter do projeto GET POLITICAL! Saiba mais sobre os eventos que marcaram o primeiro semestre do projeto, como a reuni\u00e3o de in\u00edcio de projeto que teve lugar no Porto, organizada pela RightChallenge. Siga-nos! Instagram | Site","og_url":"https:\/\/rightchallenge.org\/en\/get-political-1a-newsletter-reuniao-de-inicio-do-projeto-no-porto\/","og_site_name":"Rightchallenge","article_published_time":"2025-12-05T11:54:24+00:00","article_modified_time":"2026-03-20T15:22:55+00:00","author":"Righchallenge","twitter_card":"summary_large_image","twitter_misc":{"Written by":"Righchallenge","Estimated reading time":"1 minute"},"schema":{"@context":"https:\/\/schema.org","@graph":[{"@type":"Article","@id":"https:\/\/rightchallenge.org\/get-political-1a-newsletter-reuniao-de-inicio-do-projeto-no-porto\/#article","isPartOf":{"@id":"https:\/\/rightchallenge.org\/get-political-1a-newsletter-reuniao-de-inicio-do-projeto-no-porto\/"},"author":{"name":"Righchallenge","@id":"https:\/\/rightchallenge.org\/#\/schema\/person\/c055d26fd0c0ef7284a434fb3a01c681"},"headline":"GET POLITICAL 1\u00aa Newsletter: Reuni\u00e3o de in\u00edcio do projeto no Porto","datePublished":"2025-12-05T11:54:24+00:00","dateModified":"2026-03-20T15:22:55+00:00","mainEntityOfPage":{"@id":"https:\/\/rightchallenge.org\/get-political-1a-newsletter-reuniao-de-inicio-do-projeto-no-porto\/"},"wordCount":242,"commentCount":0,"articleSection":["GET Political"],"inLanguage":"en-GB","potentialAction":[{"@type":"CommentAction","name":"Comment","target":["https:\/\/rightchallenge.org\/get-political-1a-newsletter-reuniao-de-inicio-do-projeto-no-porto\/#respond"]}]},{"@type":"WebPage","@id":"https:\/\/rightchallenge.org\/get-political-1a-newsletter-reuniao-de-inicio-do-projeto-no-porto\/","url":"https:\/\/rightchallenge.org\/get-political-1a-newsletter-reuniao-de-inicio-do-projeto-no-porto\/","name":"GET POLITICAL 1\u00aa Newsletter: Reuni\u00e3o de in\u00edcio do projeto no Porto - Rightchallenge","isPartOf":{"@id":"https:\/\/rightchallenge.org\/#website"},"datePublished":"2025-12-05T11:54:24+00:00","dateModified":"2026-03-20T15:22:55+00:00","author":{"@id":"https:\/\/rightchallenge.org\/#\/schema\/person\/c055d26fd0c0ef7284a434fb3a01c681"},"breadcrumb":{"@id":"https:\/\/rightchallenge.org\/get-political-1a-newsletter-reuniao-de-inicio-do-projeto-no-porto\/#breadcrumb"},"inLanguage":"en-GB","potentialAction":[{"@type":"ReadAction","target":["https:\/\/rightchallenge.org\/get-political-1a-newsletter-reuniao-de-inicio-do-projeto-no-porto\/"]}]},{"@type":"BreadcrumbList","@id":"https:\/\/rightchallenge.org\/get-political-1a-newsletter-reuniao-de-inicio-do-projeto-no-porto\/#breadcrumb","itemListElement":[{"@type":"ListItem","position":1,"name":"In\u00edcio","item":"https:\/\/rightchallenge.org\/"},{"@type":"ListItem","position":2,"name":"GET POLITICAL 1\u00aa Newsletter: Reuni\u00e3o de in\u00edcio do projeto no Porto"}]},{"@type":"WebSite","@id":"https:\/\/rightchallenge.org\/#website","url":"https:\/\/rightchallenge.org\/","name":"Rightchallenge","description":"Associa\u00e7\u00e3o","potentialAction":[{"@type":"SearchAction","target":{"@type":"EntryPoint","urlTemplate":"https:\/\/rightchallenge.org\/?s={search_term_string}"},"query-input":{"@type":"PropertyValueSpecification","valueRequired":true,"valueName":"search_term_string"}}],"inLanguage":"en-GB"},{"@type":"Person","@id":"https:\/\/rightchallenge.org\/#\/schema\/person\/c055d26fd0c0ef7284a434fb3a01c681","name":"Righchallenge","image":{"@type":"ImageObject","inLanguage":"en-GB","@id":"https:\/\/secure.gravatar.com\/avatar\/316d2bd1788dea98bad763ddecdc72ea95bec82b19fb3ac81a73e8626d8c1b14?s=96&d=mm&r=g","url":"https:\/\/secure.gravatar.com\/avatar\/316d2bd1788dea98bad763ddecdc72ea95bec82b19fb3ac81a73e8626d8c1b14?s=96&d=mm&r=g","contentUrl":"https:\/\/secure.gravatar.com\/avatar\/316d2bd1788dea98bad763ddecdc72ea95bec82b19fb3ac81a73e8626d8c1b14?s=96&d=mm&r=g","caption":"Righchallenge"},"url":"https:\/\/rightchallenge.org\/en\/author\/rca\/"}]}},"_links":{"self":[{"href":"https:\/\/rightchallenge.org\/en\/wp-json\/wp\/v2\/posts\/5291","targetHints":{"allow":["GET"]}}],"collection":[{"href":"https:\/\/rightchallenge.org\/en\/wp-json\/wp\/v2\/posts"}],"about":[{"href":"https:\/\/rightchallenge.org\/en\/wp-json\/wp\/v2\/types\/post"}],"author":[{"embeddable":true,"href":"https:\/\/rightchallenge.org\/en\/wp-json\/wp\/v2\/users\/2"}],"replies":[{"embeddable":true,"href":"https:\/\/rightchallenge.org\/en\/wp-json\/wp\/v2\/comments?post=5291"}],"version-history":[{"count":4,"href":"https:\/\/rightchallenge.org\/en\/wp-json\/wp\/v2\/posts\/5291\/revisions"}],"predecessor-version":[{"id":5297,"href":"https:\/\/rightchallenge.org\/en\/wp-json\/wp\/v2\/posts\/5291\/revisions\/5297"}],"wp:attachment":[{"href":"https:\/\/rightchallenge.org\/en\/wp-json\/wp\/v2\/media?parent=5291"}],"wp:term":[{"taxonomy":"category","embeddable":true,"href":"https:\/\/rightchallenge.org\/en\/wp-json\/wp\/v2\/categories?post=5291"},{"taxonomy":"post_tag","embeddable":true,"href":"https:\/\/rightchallenge.org\/en\/wp-json\/wp\/v2\/tags?post=5291"}],"curies":[{"name":"wp","href":"https:\/\/api.w.org\/{rel}","templated":true}]}}