{"id":4853,"date":"2025-03-27T18:45:09","date_gmt":"2025-03-27T17:45:09","guid":{"rendered":"https:\/\/rightchallenge.org\/?p=4853"},"modified":"2025-03-27T18:45:10","modified_gmt":"2025-03-27T17:45:10","slug":"perma-youth-terceira-reuniao-transnacional","status":"publish","type":"post","link":"https:\/\/rightchallenge.org\/en\/perma-youth-terceira-reuniao-transnacional\/","title":{"rendered":"Perma-Youth: Terceira Reuni\u00e3o Transnacional"},"content":{"rendered":"<p><strong>Aprendizagem, Partilha e Conex\u00e3o<\/strong><\/p>\n\n\n\n<p class=\"has-text-align-left\">A terceira reuni\u00e3o transnacional do Projeto <strong>Perma-Youth<\/strong> foi um momento de grande progresso e inspira\u00e7\u00e3o! Ao longo de duas reuni\u00f5es de parceiros muito frut\u00edferas, demos passos importantes para o avan\u00e7o do Projeto, consolidando ideias e estrat\u00e9gias para enfrentar os pr\u00f3ximos desafios.<\/p>\n\n\n\n<p>Tivemos a oportunidade de visitar a <strong>Associa\u00e7\u00e3o Terra Solta<\/strong>, um espa\u00e7o que nos convida a valorizar a simplicidade, a fortalecer o sentido de comunidade e a conectar-nos com a natureza. Entre partilhas e aprendizagens, seme\u00e1mos tomateiros e vivemos momentos enriquecedores. N\u00e3o poder\u00edamos deixar passar um agradecimento especial ao Presidente da Associa\u00e7\u00e3o Terra Solta, Vitor Parati, e \u00e0 Margarida pela calorosa hospitalidade &#8211; e pelo ch\u00e1 maravilhoso!<\/p>\n\n\n\n<p>Estes dias n\u00e3o teriam sido completos, claro, sem um mergulho na cultura local. Tivemos tamb\u00e9m a oportunidade de explorar a <strong>cidade do Porto<\/strong>, descobrindo a sua hist\u00f3ria, gastronomia e tradi\u00e7\u00f5es, tornando esta reuni\u00e3o ainda mais especial. <\/p>\n\n\n\n<figure class=\"wp-block-image size-full\"><img loading=\"lazy\" decoding=\"async\" width=\"1080\" height=\"1350\" src=\"https:\/\/rightchallenge.org\/wp-content\/uploads\/2025\/03\/Perma-Youth-pub-instagram.png\" alt=\"\" class=\"wp-image-4854\" srcset=\"https:\/\/rightchallenge.org\/wp-content\/uploads\/2025\/03\/Perma-Youth-pub-instagram.png 1080w, https:\/\/rightchallenge.org\/wp-content\/uploads\/2025\/03\/Perma-Youth-pub-instagram-980x1225.png 980w, https:\/\/rightchallenge.org\/wp-content\/uploads\/2025\/03\/Perma-Youth-pub-instagram-480x600.png 480w\" sizes=\"(min-width: 0px) and (max-width: 480px) 480px, (min-width: 481px) and (max-width: 980px) 980px, (min-width: 981px) 1080px, 100vw\" \/><\/figure>\n\n\n\n<p><strong>Seguimos juntos nesta jornada, inspirados pela permacultura e pelo esp\u00edrito de colabora\u00e7\u00e3o, os grandes pilares do Projeto Perma-Youth!<\/strong><\/p>\n\n\n\n<p><\/p>\n\n\n\n<p>Download: <a href=\"https:\/\/co-bio.vejle.dk\/media\/67443\/co-bio-newsletter-2-englesk.pdf\" target=\"_blank\" rel=\"noreferrer noopener\">EN<\/a> <a href=\"https:\/\/co-bio.vejle.dk\/media\/67445\/co-bio-newsletter-2-portugal.pdf\" target=\"_blank\" rel=\"noreferrer noopener\">PT<\/a><\/p>","protected":false},"excerpt":{"rendered":"<p>Aprendizagem, Partilha e Conex\u00e3o A terceira reuni\u00e3o transnacional do Projeto Perma-Youth foi um momento de grande progresso e inspira\u00e7\u00e3o! Ao longo de duas reuni\u00f5es de parceiros muito frut\u00edferas, demos passos importantes para o avan\u00e7o do Projeto, consolidando ideias e estrat\u00e9gias para enfrentar os pr\u00f3ximos desafios. Tivemos a oportunidade de visitar a Associa\u00e7\u00e3o Terra Solta, um [&hellip;]<\/p>\n","protected":false},"author":2,"featured_media":0,"comment_status":"open","ping_status":"closed","sticky":false,"template":"","format":"standard","meta":{"_et_pb_use_builder":"off","_et_pb_old_content":"","_et_gb_content_width":"","_monsterinsights_skip_tracking":false,"_monsterinsights_sitenote_active":false,"_monsterinsights_sitenote_note":"","_monsterinsights_sitenote_category":0,"footnotes":""},"categories":[1],"tags":[],"class_list":["post-4853","post","type-post","status-publish","format-standard","hentry","category-sem-categoria"],"yoast_head":"<!-- This site is optimized with the Yoast SEO plugin v27.5 - https:\/\/yoast.com\/product\/yoast-seo-wordpress\/ -->\n<title>Perma-Youth: Terceira Reuni\u00e3o Transnacional - Rightchallenge<\/title>\n<meta name=\"robots\" content=\"index, follow, max-snippet:-1, max-image-preview:large, max-video-preview:-1\" \/>\n<link rel=\"canonical\" href=\"https:\/\/rightchallenge.org\/en\/perma-youth-terceira-reuniao-transnacional\/\" \/>\n<meta property=\"og:locale\" content=\"en_GB\" \/>\n<meta property=\"og:type\" content=\"article\" \/>\n<meta property=\"og:title\" content=\"Perma-Youth: Terceira Reuni\u00e3o Transnacional - Rightchallenge\" \/>\n<meta property=\"og:description\" content=\"Aprendizagem, Partilha e Conex\u00e3o A terceira reuni\u00e3o transnacional do Projeto Perma-Youth foi um momento de grande progresso e inspira\u00e7\u00e3o! Ao longo de duas reuni\u00f5es de parceiros muito frut\u00edferas, demos passos importantes para o avan\u00e7o do Projeto, consolidando ideias e estrat\u00e9gias para enfrentar os pr\u00f3ximos desafios. Tivemos a oportunidade de visitar a Associa\u00e7\u00e3o Terra Solta, um [&hellip;]\" \/>\n<meta property=\"og:url\" content=\"https:\/\/rightchallenge.org\/en\/perma-youth-terceira-reuniao-transnacional\/\" \/>\n<meta property=\"og:site_name\" content=\"Rightchallenge\" \/>\n<meta property=\"article:published_time\" content=\"2025-03-27T17:45:09+00:00\" \/>\n<meta property=\"article:modified_time\" content=\"2025-03-27T17:45:10+00:00\" \/>\n<meta property=\"og:image\" content=\"https:\/\/rightchallenge.org\/wp-content\/uploads\/2025\/03\/Perma-Youth-pub-instagram-819x1024.png\" \/>\n\t<meta property=\"og:image:width\" content=\"819\" \/>\n\t<meta property=\"og:image:height\" content=\"1024\" \/>\n\t<meta property=\"og:image:type\" content=\"image\/png\" \/>\n<meta name=\"author\" content=\"Righchallenge\" \/>\n<meta name=\"twitter:card\" content=\"summary_large_image\" \/>\n<meta name=\"twitter:label1\" content=\"Written by\" \/>\n\t<meta name=\"twitter:data1\" content=\"Righchallenge\" \/>\n\t<meta name=\"twitter:label2\" content=\"Estimated reading time\" \/>\n\t<meta name=\"twitter:data2\" content=\"2 minutes\" \/>\n<script type=\"application\/ld+json\" class=\"yoast-schema-graph\">{\"@context\":\"https:\\\/\\\/schema.org\",\"@graph\":[{\"@type\":\"Article\",\"@id\":\"https:\\\/\\\/rightchallenge.org\\\/perma-youth-terceira-reuniao-transnacional\\\/#article\",\"isPartOf\":{\"@id\":\"https:\\\/\\\/rightchallenge.org\\\/perma-youth-terceira-reuniao-transnacional\\\/\"},\"author\":{\"name\":\"Righchallenge\",\"@id\":\"https:\\\/\\\/rightchallenge.org\\\/#\\\/schema\\\/person\\\/c055d26fd0c0ef7284a434fb3a01c681\"},\"headline\":\"Perma-Youth: Terceira Reuni\u00e3o Transnacional\",\"datePublished\":\"2025-03-27T17:45:09+00:00\",\"dateModified\":\"2025-03-27T17:45:10+00:00\",\"mainEntityOfPage\":{\"@id\":\"https:\\\/\\\/rightchallenge.org\\\/perma-youth-terceira-reuniao-transnacional\\\/\"},\"wordCount\":193,\"commentCount\":0,\"image\":{\"@id\":\"https:\\\/\\\/rightchallenge.org\\\/perma-youth-terceira-reuniao-transnacional\\\/#primaryimage\"},\"thumbnailUrl\":\"https:\\\/\\\/rightchallenge.org\\\/wp-content\\\/uploads\\\/2025\\\/03\\\/Perma-Youth-pub-instagram.png\",\"articleSection\":[\"Sem categoria\"],\"inLanguage\":\"en-GB\",\"potentialAction\":[{\"@type\":\"CommentAction\",\"name\":\"Comment\",\"target\":[\"https:\\\/\\\/rightchallenge.org\\\/perma-youth-terceira-reuniao-transnacional\\\/#respond\"]}]},{\"@type\":\"WebPage\",\"@id\":\"https:\\\/\\\/rightchallenge.org\\\/perma-youth-terceira-reuniao-transnacional\\\/\",\"url\":\"https:\\\/\\\/rightchallenge.org\\\/perma-youth-terceira-reuniao-transnacional\\\/\",\"name\":\"Perma-Youth: Terceira Reuni\u00e3o Transnacional - Rightchallenge\",\"isPartOf\":{\"@id\":\"https:\\\/\\\/rightchallenge.org\\\/#website\"},\"primaryImageOfPage\":{\"@id\":\"https:\\\/\\\/rightchallenge.org\\\/perma-youth-terceira-reuniao-transnacional\\\/#primaryimage\"},\"image\":{\"@id\":\"https:\\\/\\\/rightchallenge.org\\\/perma-youth-terceira-reuniao-transnacional\\\/#primaryimage\"},\"thumbnailUrl\":\"https:\\\/\\\/rightchallenge.org\\\/wp-content\\\/uploads\\\/2025\\\/03\\\/Perma-Youth-pub-instagram.png\",\"datePublished\":\"2025-03-27T17:45:09+00:00\",\"dateModified\":\"2025-03-27T17:45:10+00:00\",\"author\":{\"@id\":\"https:\\\/\\\/rightchallenge.org\\\/#\\\/schema\\\/person\\\/c055d26fd0c0ef7284a434fb3a01c681\"},\"breadcrumb\":{\"@id\":\"https:\\\/\\\/rightchallenge.org\\\/perma-youth-terceira-reuniao-transnacional\\\/#breadcrumb\"},\"inLanguage\":\"en-GB\",\"potentialAction\":[{\"@type\":\"ReadAction\",\"target\":[\"https:\\\/\\\/rightchallenge.org\\\/perma-youth-terceira-reuniao-transnacional\\\/\"]}]},{\"@type\":\"ImageObject\",\"inLanguage\":\"en-GB\",\"@id\":\"https:\\\/\\\/rightchallenge.org\\\/perma-youth-terceira-reuniao-transnacional\\\/#primaryimage\",\"url\":\"https:\\\/\\\/rightchallenge.org\\\/wp-content\\\/uploads\\\/2025\\\/03\\\/Perma-Youth-pub-instagram.png\",\"contentUrl\":\"https:\\\/\\\/rightchallenge.org\\\/wp-content\\\/uploads\\\/2025\\\/03\\\/Perma-Youth-pub-instagram.png\"},{\"@type\":\"BreadcrumbList\",\"@id\":\"https:\\\/\\\/rightchallenge.org\\\/perma-youth-terceira-reuniao-transnacional\\\/#breadcrumb\",\"itemListElement\":[{\"@type\":\"ListItem\",\"position\":1,\"name\":\"In\u00edcio\",\"item\":\"https:\\\/\\\/rightchallenge.org\\\/\"},{\"@type\":\"ListItem\",\"position\":2,\"name\":\"Perma-Youth: Terceira Reuni\u00e3o Transnacional\"}]},{\"@type\":\"WebSite\",\"@id\":\"https:\\\/\\\/rightchallenge.org\\\/#website\",\"url\":\"https:\\\/\\\/rightchallenge.org\\\/\",\"name\":\"Rightchallenge\",\"description\":\"Associa\u00e7\u00e3o\",\"potentialAction\":[{\"@type\":\"SearchAction\",\"target\":{\"@type\":\"EntryPoint\",\"urlTemplate\":\"https:\\\/\\\/rightchallenge.org\\\/?s={search_term_string}\"},\"query-input\":{\"@type\":\"PropertyValueSpecification\",\"valueRequired\":true,\"valueName\":\"search_term_string\"}}],\"inLanguage\":\"en-GB\"},{\"@type\":\"Person\",\"@id\":\"https:\\\/\\\/rightchallenge.org\\\/#\\\/schema\\\/person\\\/c055d26fd0c0ef7284a434fb3a01c681\",\"name\":\"Righchallenge\",\"image\":{\"@type\":\"ImageObject\",\"inLanguage\":\"en-GB\",\"@id\":\"https:\\\/\\\/secure.gravatar.com\\\/avatar\\\/316d2bd1788dea98bad763ddecdc72ea95bec82b19fb3ac81a73e8626d8c1b14?s=96&d=mm&r=g\",\"url\":\"https:\\\/\\\/secure.gravatar.com\\\/avatar\\\/316d2bd1788dea98bad763ddecdc72ea95bec82b19fb3ac81a73e8626d8c1b14?s=96&d=mm&r=g\",\"contentUrl\":\"https:\\\/\\\/secure.gravatar.com\\\/avatar\\\/316d2bd1788dea98bad763ddecdc72ea95bec82b19fb3ac81a73e8626d8c1b14?s=96&d=mm&r=g\",\"caption\":\"Righchallenge\"},\"url\":\"https:\\\/\\\/rightchallenge.org\\\/en\\\/author\\\/rca\\\/\"}]}<\/script>\n<!-- \/ Yoast SEO plugin. -->","yoast_head_json":{"title":"Perma-Youth: Terceira Reuni\u00e3o Transnacional - Rightchallenge","robots":{"index":"index","follow":"follow","max-snippet":"max-snippet:-1","max-image-preview":"max-image-preview:large","max-video-preview":"max-video-preview:-1"},"canonical":"https:\/\/rightchallenge.org\/en\/perma-youth-terceira-reuniao-transnacional\/","og_locale":"en_GB","og_type":"article","og_title":"Perma-Youth: Terceira Reuni\u00e3o Transnacional - Rightchallenge","og_description":"Aprendizagem, Partilha e Conex\u00e3o A terceira reuni\u00e3o transnacional do Projeto Perma-Youth foi um momento de grande progresso e inspira\u00e7\u00e3o! Ao longo de duas reuni\u00f5es de parceiros muito frut\u00edferas, demos passos importantes para o avan\u00e7o do Projeto, consolidando ideias e estrat\u00e9gias para enfrentar os pr\u00f3ximos desafios. Tivemos a oportunidade de visitar a Associa\u00e7\u00e3o Terra Solta, um [&hellip;]","og_url":"https:\/\/rightchallenge.org\/en\/perma-youth-terceira-reuniao-transnacional\/","og_site_name":"Rightchallenge","article_published_time":"2025-03-27T17:45:09+00:00","article_modified_time":"2025-03-27T17:45:10+00:00","og_image":[{"width":819,"height":1024,"url":"https:\/\/rightchallenge.org\/wp-content\/uploads\/2025\/03\/Perma-Youth-pub-instagram-819x1024.png","type":"image\/png"}],"author":"Righchallenge","twitter_card":"summary_large_image","twitter_misc":{"Written by":"Righchallenge","Estimated reading time":"2 minutes"},"schema":{"@context":"https:\/\/schema.org","@graph":[{"@type":"Article","@id":"https:\/\/rightchallenge.org\/perma-youth-terceira-reuniao-transnacional\/#article","isPartOf":{"@id":"https:\/\/rightchallenge.org\/perma-youth-terceira-reuniao-transnacional\/"},"author":{"name":"Righchallenge","@id":"https:\/\/rightchallenge.org\/#\/schema\/person\/c055d26fd0c0ef7284a434fb3a01c681"},"headline":"Perma-Youth: Terceira Reuni\u00e3o Transnacional","datePublished":"2025-03-27T17:45:09+00:00","dateModified":"2025-03-27T17:45:10+00:00","mainEntityOfPage":{"@id":"https:\/\/rightchallenge.org\/perma-youth-terceira-reuniao-transnacional\/"},"wordCount":193,"commentCount":0,"image":{"@id":"https:\/\/rightchallenge.org\/perma-youth-terceira-reuniao-transnacional\/#primaryimage"},"thumbnailUrl":"https:\/\/rightchallenge.org\/wp-content\/uploads\/2025\/03\/Perma-Youth-pub-instagram.png","articleSection":["Sem categoria"],"inLanguage":"en-GB","potentialAction":[{"@type":"CommentAction","name":"Comment","target":["https:\/\/rightchallenge.org\/perma-youth-terceira-reuniao-transnacional\/#respond"]}]},{"@type":"WebPage","@id":"https:\/\/rightchallenge.org\/perma-youth-terceira-reuniao-transnacional\/","url":"https:\/\/rightchallenge.org\/perma-youth-terceira-reuniao-transnacional\/","name":"Perma-Youth: Terceira Reuni\u00e3o Transnacional - Rightchallenge","isPartOf":{"@id":"https:\/\/rightchallenge.org\/#website"},"primaryImageOfPage":{"@id":"https:\/\/rightchallenge.org\/perma-youth-terceira-reuniao-transnacional\/#primaryimage"},"image":{"@id":"https:\/\/rightchallenge.org\/perma-youth-terceira-reuniao-transnacional\/#primaryimage"},"thumbnailUrl":"https:\/\/rightchallenge.org\/wp-content\/uploads\/2025\/03\/Perma-Youth-pub-instagram.png","datePublished":"2025-03-27T17:45:09+00:00","dateModified":"2025-03-27T17:45:10+00:00","author":{"@id":"https:\/\/rightchallenge.org\/#\/schema\/person\/c055d26fd0c0ef7284a434fb3a01c681"},"breadcrumb":{"@id":"https:\/\/rightchallenge.org\/perma-youth-terceira-reuniao-transnacional\/#breadcrumb"},"inLanguage":"en-GB","potentialAction":[{"@type":"ReadAction","target":["https:\/\/rightchallenge.org\/perma-youth-terceira-reuniao-transnacional\/"]}]},{"@type":"ImageObject","inLanguage":"en-GB","@id":"https:\/\/rightchallenge.org\/perma-youth-terceira-reuniao-transnacional\/#primaryimage","url":"https:\/\/rightchallenge.org\/wp-content\/uploads\/2025\/03\/Perma-Youth-pub-instagram.png","contentUrl":"https:\/\/rightchallenge.org\/wp-content\/uploads\/2025\/03\/Perma-Youth-pub-instagram.png"},{"@type":"BreadcrumbList","@id":"https:\/\/rightchallenge.org\/perma-youth-terceira-reuniao-transnacional\/#breadcrumb","itemListElement":[{"@type":"ListItem","position":1,"name":"In\u00edcio","item":"https:\/\/rightchallenge.org\/"},{"@type":"ListItem","position":2,"name":"Perma-Youth: Terceira Reuni\u00e3o Transnacional"}]},{"@type":"WebSite","@id":"https:\/\/rightchallenge.org\/#website","url":"https:\/\/rightchallenge.org\/","name":"Rightchallenge","description":"Associa\u00e7\u00e3o","potentialAction":[{"@type":"SearchAction","target":{"@type":"EntryPoint","urlTemplate":"https:\/\/rightchallenge.org\/?s={search_term_string}"},"query-input":{"@type":"PropertyValueSpecification","valueRequired":true,"valueName":"search_term_string"}}],"inLanguage":"en-GB"},{"@type":"Person","@id":"https:\/\/rightchallenge.org\/#\/schema\/person\/c055d26fd0c0ef7284a434fb3a01c681","name":"Righchallenge","image":{"@type":"ImageObject","inLanguage":"en-GB","@id":"https:\/\/secure.gravatar.com\/avatar\/316d2bd1788dea98bad763ddecdc72ea95bec82b19fb3ac81a73e8626d8c1b14?s=96&d=mm&r=g","url":"https:\/\/secure.gravatar.com\/avatar\/316d2bd1788dea98bad763ddecdc72ea95bec82b19fb3ac81a73e8626d8c1b14?s=96&d=mm&r=g","contentUrl":"https:\/\/secure.gravatar.com\/avatar\/316d2bd1788dea98bad763ddecdc72ea95bec82b19fb3ac81a73e8626d8c1b14?s=96&d=mm&r=g","caption":"Righchallenge"},"url":"https:\/\/rightchallenge.org\/en\/author\/rca\/"}]}},"_links":{"self":[{"href":"https:\/\/rightchallenge.org\/en\/wp-json\/wp\/v2\/posts\/4853","targetHints":{"allow":["GET"]}}],"collection":[{"href":"https:\/\/rightchallenge.org\/en\/wp-json\/wp\/v2\/posts"}],"about":[{"href":"https:\/\/rightchallenge.org\/en\/wp-json\/wp\/v2\/types\/post"}],"author":[{"embeddable":true,"href":"https:\/\/rightchallenge.org\/en\/wp-json\/wp\/v2\/users\/2"}],"replies":[{"embeddable":true,"href":"https:\/\/rightchallenge.org\/en\/wp-json\/wp\/v2\/comments?post=4853"}],"version-history":[{"count":1,"href":"https:\/\/rightchallenge.org\/en\/wp-json\/wp\/v2\/posts\/4853\/revisions"}],"predecessor-version":[{"id":4855,"href":"https:\/\/rightchallenge.org\/en\/wp-json\/wp\/v2\/posts\/4853\/revisions\/4855"}],"wp:attachment":[{"href":"https:\/\/rightchallenge.org\/en\/wp-json\/wp\/v2\/media?parent=4853"}],"wp:term":[{"taxonomy":"category","embeddable":true,"href":"https:\/\/rightchallenge.org\/en\/wp-json\/wp\/v2\/categories?post=4853"},{"taxonomy":"post_tag","embeddable":true,"href":"https:\/\/rightchallenge.org\/en\/wp-json\/wp\/v2\/tags?post=4853"}],"curies":[{"name":"wp","href":"https:\/\/api.w.org\/{rel}","templated":true}]}}