{"id":4793,"date":"2025-03-07T11:27:19","date_gmt":"2025-03-07T10:27:19","guid":{"rendered":"https:\/\/rightchallenge.org\/?p=4793"},"modified":"2025-03-07T11:27:30","modified_gmt":"2025-03-07T10:27:30","slug":"co-bio-intercambio-de-casos-locais-sobre-cocriacao-de-biodiversidade-urbana-em-viena","status":"publish","type":"post","link":"https:\/\/rightchallenge.org\/en\/co-bio-intercambio-de-casos-locais-sobre-cocriacao-de-biodiversidade-urbana-em-viena\/","title":{"rendered":"CO-BIO \u2013 Interc\u00e2mbio de Casos Locais sobre Cocria\u00e7\u00e3o de Biodiversidade Urbana em Viena"},"content":{"rendered":"<p>[et_pb_section fb_built=&#8221;1&#8243; _builder_version=&#8221;4.27.4&#8243; _module_preset=&#8221;default&#8221; global_colors_info=&#8221;{}&#8221;][et_pb_row _builder_version=&#8221;4.27.4&#8243; _module_preset=&#8221;default&#8221; global_colors_info=&#8221;{}&#8221;][et_pb_column type=&#8221;4_4&#8243; _builder_version=&#8221;4.27.4&#8243; _module_preset=&#8221;default&#8221; global_colors_info=&#8221;{}&#8221;][et_pb_blurb _builder_version=&#8221;4.27.4&#8243; _module_preset=&#8221;default&#8221; hover_enabled=&#8221;0&#8243; global_colors_info=&#8221;{}&#8221; sticky_enabled=&#8221;0&#8243;]<\/p>\n<h2 style=\"text-align: justify;\">O projeto Co-Bio apoia a Estrat\u00e9gia de Biodiversidade da UE para 2030, com destaque para a biodiversidade urbana<\/h2>\n<p>[\/et_pb_blurb][\/et_pb_column][\/et_pb_row][et_pb_row _builder_version=&#8221;4.27.4&#8243; _module_preset=&#8221;default&#8221; global_colors_info=&#8221;{}&#8221;][et_pb_column type=&#8221;4_4&#8243; _builder_version=&#8221;4.27.4&#8243; _module_preset=&#8221;default&#8221; global_colors_info=&#8221;{}&#8221;][et_pb_blurb _builder_version=&#8221;4.27.4&#8243; _module_preset=&#8221;default&#8221; hover_enabled=&#8221;0&#8243; global_colors_info=&#8221;{}&#8221; sticky_enabled=&#8221;0&#8243;]<\/p>\n<p style=\"text-align: justify;\">Nos passados dias 25 a 27 de fevereiro, tivemos a oportunidade de estar presente no Interc\u00e2mbio de Casos Locais implementados no contexto da Cocria\u00e7\u00e3o de Biodiversidade Urbana, em Viena. O evento reuniu os parceiros da Dinamarca, \u00c1ustria, Gr\u00e9cia, Hungria, It\u00e1lia e Portugal, proporcionando um espa\u00e7o de partilha de experi\u00eancias e desafios na implementa\u00e7\u00e3o dos casos locais em cada pa\u00eds.<\/p>\n<p style=\"text-align: justify;\">Ao longo de tr\u00eas dias, foram apresentados diversos projetos que promovem a biodiversidade em ambientes urbanos, encontrados obst\u00e1culos comuns, discutidas solu\u00e7\u00f5es inovadoras para os desafios enfrentados e exploradas novas ideias para fortalecer as iniciativas de cada parceiro. Al\u00e9m das sess\u00f5es de partilha, houve oportunidade de visitar locais emblem\u00e1ticos no contexto da biodiversidade urbana em Viena e arredores, enriquecendo a nossa vis\u00e3o sobre boas pr\u00e1ticas sustent\u00e1veis.<\/p>\n<p style=\"text-align: justify;\">Este evento foi tamb\u00e9m uma excelente oportunidade para fortalecer redes de contacto e fomentar objetivos comuns, refor\u00e7ando o compromisso conjunto com cidades mais verdes e sustent\u00e1veis.<\/p>\n<p style=\"text-align: justify;\">Estamos entusiasmados para aplicar os conhecimentos adquiridos ao desenvolvimento do nosso caso local e continuar a contribuir para um futuro mais biodiverso!<\/p>\n<p>[\/et_pb_blurb][\/et_pb_column][\/et_pb_row][et_pb_row _builder_version=&#8221;4.27.4&#8243; _module_preset=&#8221;default&#8221; global_colors_info=&#8221;{}&#8221;][et_pb_column type=&#8221;4_4&#8243; _builder_version=&#8221;4.27.4&#8243; _module_preset=&#8221;default&#8221; global_colors_info=&#8221;{}&#8221;][et_pb_blurb image=&#8221;https:\/\/rightchallenge.org\/wp-content\/uploads\/2025\/03\/Intercambio-em-viena-v2-1.png&#8221; _builder_version=&#8221;4.27.4&#8243; _module_preset=&#8221;default&#8221; hover_enabled=&#8221;0&#8243; border_width_all_image=&#8221;0px&#8221; border_color_all_image=&#8221;#000000&#8243; box_shadow_style_image=&#8221;preset1&#8243; global_colors_info=&#8221;{}&#8221; sticky_enabled=&#8221;0&#8243; box_shadow_horizontal_image=&#8221;4px&#8221; box_shadow_vertical_image=&#8221;4px&#8221;][\/et_pb_blurb][\/et_pb_column][\/et_pb_row][et_pb_row _builder_version=&#8221;4.27.4&#8243; _module_preset=&#8221;default&#8221; global_colors_info=&#8221;{}&#8221;][et_pb_column type=&#8221;4_4&#8243; _builder_version=&#8221;4.27.4&#8243; _module_preset=&#8221;default&#8221; global_colors_info=&#8221;{}&#8221;][et_pb_divider color=&#8221;#000000&#8243; _builder_version=&#8221;4.27.4&#8243; _module_preset=&#8221;default&#8221; hover_enabled=&#8221;0&#8243; global_colors_info=&#8221;{}&#8221; sticky_enabled=&#8221;0&#8243;][\/et_pb_divider][et_pb_blurb _builder_version=&#8221;4.27.4&#8243; _module_preset=&#8221;default&#8221; hover_enabled=&#8221;0&#8243; global_colors_info=&#8221;{}&#8221; sticky_enabled=&#8221;0&#8243;]<\/p>\n<h2 style=\"text-align: center;\">Fique atento \u00e0s novidades do Projeto Co-Bio<\/h2>\n<p>[\/et_pb_blurb][\/et_pb_column][\/et_pb_row][et_pb_row column_structure=&#8221;1_3,1_3,1_3&#8243; _builder_version=&#8221;4.27.4&#8243; _module_preset=&#8221;default&#8221; global_colors_info=&#8221;{}&#8221;][et_pb_column type=&#8221;1_3&#8243; _builder_version=&#8221;4.27.4&#8243; _module_preset=&#8221;default&#8221; global_colors_info=&#8221;{}&#8221;][et_pb_button button_text=&#8221;Facebook&#8221; _builder_version=&#8221;4.27.4&#8243; _module_preset=&#8221;17e57991-0b70-4b30-893e-03652127c417&#8243; global_colors_info=&#8221;{}&#8221; box_shadow_style=&#8221;preset1&#8243; hover_enabled=&#8221;0&#8243; sticky_enabled=&#8221;0&#8243; button_alignment=&#8221;center&#8221; button_url=&#8221;https:\/\/www.facebook.com\/cobio&#8221;][\/et_pb_button][\/et_pb_column][et_pb_column type=&#8221;1_3&#8243; _builder_version=&#8221;4.27.4&#8243; _module_preset=&#8221;default&#8221; global_colors_info=&#8221;{}&#8221;][et_pb_button button_text=&#8221;Instagram&#8221; _builder_version=&#8221;4.27.4&#8243; _module_preset=&#8221;17e57991-0b70-4b30-893e-03652127c417&#8243; hover_enabled=&#8221;0&#8243; global_colors_info=&#8221;{}&#8221; sticky_enabled=&#8221;0&#8243; box_shadow_style=&#8221;preset1&#8243; button_alignment=&#8221;center&#8221; button_url=&#8221;https:\/\/www.instagram.com\/eu_cobio?igsh=MTlqZTJndTl6dG5rbQ==&#8221;][\/et_pb_button][\/et_pb_column][et_pb_column type=&#8221;1_3&#8243; _builder_version=&#8221;4.27.4&#8243; _module_preset=&#8221;default&#8221; global_colors_info=&#8221;{}&#8221;][et_pb_button button_text=&#8221;Website&#8221; _builder_version=&#8221;4.27.4&#8243; _module_preset=&#8221;17e57991-0b70-4b30-893e-03652127c417&#8243; button_url=&#8221;https:\/\/co-bio.vejle.dk\/&#8221; box_shadow_style=&#8221;preset1&#8243; hover_enabled=&#8221;0&#8243; sticky_enabled=&#8221;0&#8243; button_alignment=&#8221;center&#8221;][\/et_pb_button][\/et_pb_column][\/et_pb_row][\/et_pb_section]<\/p>\n","protected":false},"excerpt":{"rendered":"<p>O projeto Co-Bio apoia a Estrat\u00e9gia de Biodiversidade da UE para 2030, com destaque para a biodiversidade urbanaNos passados dias 25 a 27 de fevereiro, tivemos a oportunidade de estar presente no Interc\u00e2mbio de Casos Locais implementados no contexto da Cocria\u00e7\u00e3o de Biodiversidade Urbana, em Viena. O evento reuniu os parceiros da Dinamarca, \u00c1ustria, Gr\u00e9cia, [&hellip;]<\/p>\n","protected":false},"author":2,"featured_media":0,"comment_status":"open","ping_status":"closed","sticky":false,"template":"","format":"standard","meta":{"_et_pb_use_builder":"on","_et_pb_old_content":"","_et_gb_content_width":"","_monsterinsights_skip_tracking":false,"_monsterinsights_sitenote_active":false,"_monsterinsights_sitenote_note":"","_monsterinsights_sitenote_category":0,"footnotes":""},"categories":[1],"tags":[],"class_list":["post-4793","post","type-post","status-publish","format-standard","hentry","category-sem-categoria"],"yoast_head":"<!-- This site is optimized with the Yoast SEO plugin v27.5 - https:\/\/yoast.com\/product\/yoast-seo-wordpress\/ -->\n<title>CO-BIO \u2013 Interc\u00e2mbio de Casos Locais sobre Cocria\u00e7\u00e3o de Biodiversidade Urbana em Viena - Rightchallenge<\/title>\n<meta name=\"robots\" content=\"index, follow, max-snippet:-1, max-image-preview:large, max-video-preview:-1\" \/>\n<link rel=\"canonical\" href=\"https:\/\/rightchallenge.org\/en\/co-bio-intercambio-de-casos-locais-sobre-cocriacao-de-biodiversidade-urbana-em-viena\/\" \/>\n<meta property=\"og:locale\" content=\"en_GB\" \/>\n<meta property=\"og:type\" content=\"article\" \/>\n<meta property=\"og:title\" content=\"CO-BIO \u2013 Interc\u00e2mbio de Casos Locais sobre Cocria\u00e7\u00e3o de Biodiversidade Urbana em Viena - Rightchallenge\" \/>\n<meta property=\"og:description\" content=\"O projeto Co-Bio apoia a Estrat\u00e9gia de Biodiversidade da UE para 2030, com destaque para a biodiversidade urbanaNos passados dias 25 a 27 de fevereiro, tivemos a oportunidade de estar presente no Interc\u00e2mbio de Casos Locais implementados no contexto da Cocria\u00e7\u00e3o de Biodiversidade Urbana, em Viena. O evento reuniu os parceiros da Dinamarca, \u00c1ustria, Gr\u00e9cia, [&hellip;]\" \/>\n<meta property=\"og:url\" content=\"https:\/\/rightchallenge.org\/en\/co-bio-intercambio-de-casos-locais-sobre-cocriacao-de-biodiversidade-urbana-em-viena\/\" \/>\n<meta property=\"og:site_name\" content=\"Rightchallenge\" \/>\n<meta property=\"article:published_time\" content=\"2025-03-07T10:27:19+00:00\" \/>\n<meta property=\"article:modified_time\" content=\"2025-03-07T10:27:30+00:00\" \/>\n<meta name=\"author\" content=\"Righchallenge\" \/>\n<meta name=\"twitter:card\" content=\"summary_large_image\" \/>\n<meta name=\"twitter:label1\" content=\"Written by\" \/>\n\t<meta name=\"twitter:data1\" content=\"Righchallenge\" \/>\n<script type=\"application\/ld+json\" class=\"yoast-schema-graph\">{\"@context\":\"https:\\\/\\\/schema.org\",\"@graph\":[{\"@type\":\"Article\",\"@id\":\"https:\\\/\\\/rightchallenge.org\\\/co-bio-intercambio-de-casos-locais-sobre-cocriacao-de-biodiversidade-urbana-em-viena\\\/#article\",\"isPartOf\":{\"@id\":\"https:\\\/\\\/rightchallenge.org\\\/co-bio-intercambio-de-casos-locais-sobre-cocriacao-de-biodiversidade-urbana-em-viena\\\/\"},\"author\":{\"name\":\"Righchallenge\",\"@id\":\"https:\\\/\\\/rightchallenge.org\\\/#\\\/schema\\\/person\\\/c055d26fd0c0ef7284a434fb3a01c681\"},\"headline\":\"CO-BIO \u2013 Interc\u00e2mbio de Casos Locais sobre Cocria\u00e7\u00e3o de Biodiversidade Urbana em Viena\",\"datePublished\":\"2025-03-07T10:27:19+00:00\",\"dateModified\":\"2025-03-07T10:27:30+00:00\",\"mainEntityOfPage\":{\"@id\":\"https:\\\/\\\/rightchallenge.org\\\/co-bio-intercambio-de-casos-locais-sobre-cocriacao-de-biodiversidade-urbana-em-viena\\\/\"},\"wordCount\":673,\"commentCount\":0,\"articleSection\":[\"Sem categoria\"],\"inLanguage\":\"en-GB\",\"potentialAction\":[{\"@type\":\"CommentAction\",\"name\":\"Comment\",\"target\":[\"https:\\\/\\\/rightchallenge.org\\\/co-bio-intercambio-de-casos-locais-sobre-cocriacao-de-biodiversidade-urbana-em-viena\\\/#respond\"]}]},{\"@type\":\"WebPage\",\"@id\":\"https:\\\/\\\/rightchallenge.org\\\/co-bio-intercambio-de-casos-locais-sobre-cocriacao-de-biodiversidade-urbana-em-viena\\\/\",\"url\":\"https:\\\/\\\/rightchallenge.org\\\/co-bio-intercambio-de-casos-locais-sobre-cocriacao-de-biodiversidade-urbana-em-viena\\\/\",\"name\":\"CO-BIO \u2013 Interc\u00e2mbio de Casos Locais sobre Cocria\u00e7\u00e3o de Biodiversidade Urbana em Viena - Rightchallenge\",\"isPartOf\":{\"@id\":\"https:\\\/\\\/rightchallenge.org\\\/#website\"},\"datePublished\":\"2025-03-07T10:27:19+00:00\",\"dateModified\":\"2025-03-07T10:27:30+00:00\",\"author\":{\"@id\":\"https:\\\/\\\/rightchallenge.org\\\/#\\\/schema\\\/person\\\/c055d26fd0c0ef7284a434fb3a01c681\"},\"breadcrumb\":{\"@id\":\"https:\\\/\\\/rightchallenge.org\\\/co-bio-intercambio-de-casos-locais-sobre-cocriacao-de-biodiversidade-urbana-em-viena\\\/#breadcrumb\"},\"inLanguage\":\"en-GB\",\"potentialAction\":[{\"@type\":\"ReadAction\",\"target\":[\"https:\\\/\\\/rightchallenge.org\\\/co-bio-intercambio-de-casos-locais-sobre-cocriacao-de-biodiversidade-urbana-em-viena\\\/\"]}]},{\"@type\":\"BreadcrumbList\",\"@id\":\"https:\\\/\\\/rightchallenge.org\\\/co-bio-intercambio-de-casos-locais-sobre-cocriacao-de-biodiversidade-urbana-em-viena\\\/#breadcrumb\",\"itemListElement\":[{\"@type\":\"ListItem\",\"position\":1,\"name\":\"In\u00edcio\",\"item\":\"https:\\\/\\\/rightchallenge.org\\\/\"},{\"@type\":\"ListItem\",\"position\":2,\"name\":\"CO-BIO \u2013 Interc\u00e2mbio de Casos Locais sobre Cocria\u00e7\u00e3o de Biodiversidade Urbana em Viena\"}]},{\"@type\":\"WebSite\",\"@id\":\"https:\\\/\\\/rightchallenge.org\\\/#website\",\"url\":\"https:\\\/\\\/rightchallenge.org\\\/\",\"name\":\"Rightchallenge\",\"description\":\"Associa\u00e7\u00e3o\",\"potentialAction\":[{\"@type\":\"SearchAction\",\"target\":{\"@type\":\"EntryPoint\",\"urlTemplate\":\"https:\\\/\\\/rightchallenge.org\\\/?s={search_term_string}\"},\"query-input\":{\"@type\":\"PropertyValueSpecification\",\"valueRequired\":true,\"valueName\":\"search_term_string\"}}],\"inLanguage\":\"en-GB\"},{\"@type\":\"Person\",\"@id\":\"https:\\\/\\\/rightchallenge.org\\\/#\\\/schema\\\/person\\\/c055d26fd0c0ef7284a434fb3a01c681\",\"name\":\"Righchallenge\",\"image\":{\"@type\":\"ImageObject\",\"inLanguage\":\"en-GB\",\"@id\":\"https:\\\/\\\/secure.gravatar.com\\\/avatar\\\/316d2bd1788dea98bad763ddecdc72ea95bec82b19fb3ac81a73e8626d8c1b14?s=96&d=mm&r=g\",\"url\":\"https:\\\/\\\/secure.gravatar.com\\\/avatar\\\/316d2bd1788dea98bad763ddecdc72ea95bec82b19fb3ac81a73e8626d8c1b14?s=96&d=mm&r=g\",\"contentUrl\":\"https:\\\/\\\/secure.gravatar.com\\\/avatar\\\/316d2bd1788dea98bad763ddecdc72ea95bec82b19fb3ac81a73e8626d8c1b14?s=96&d=mm&r=g\",\"caption\":\"Righchallenge\"},\"url\":\"https:\\\/\\\/rightchallenge.org\\\/en\\\/author\\\/rca\\\/\"}]}<\/script>\n<!-- \/ Yoast SEO plugin. -->","yoast_head_json":{"title":"CO-BIO \u2013 Interc\u00e2mbio de Casos Locais sobre Cocria\u00e7\u00e3o de Biodiversidade Urbana em Viena - Rightchallenge","robots":{"index":"index","follow":"follow","max-snippet":"max-snippet:-1","max-image-preview":"max-image-preview:large","max-video-preview":"max-video-preview:-1"},"canonical":"https:\/\/rightchallenge.org\/en\/co-bio-intercambio-de-casos-locais-sobre-cocriacao-de-biodiversidade-urbana-em-viena\/","og_locale":"en_GB","og_type":"article","og_title":"CO-BIO \u2013 Interc\u00e2mbio de Casos Locais sobre Cocria\u00e7\u00e3o de Biodiversidade Urbana em Viena - Rightchallenge","og_description":"O projeto Co-Bio apoia a Estrat\u00e9gia de Biodiversidade da UE para 2030, com destaque para a biodiversidade urbanaNos passados dias 25 a 27 de fevereiro, tivemos a oportunidade de estar presente no Interc\u00e2mbio de Casos Locais implementados no contexto da Cocria\u00e7\u00e3o de Biodiversidade Urbana, em Viena. O evento reuniu os parceiros da Dinamarca, \u00c1ustria, Gr\u00e9cia, [&hellip;]","og_url":"https:\/\/rightchallenge.org\/en\/co-bio-intercambio-de-casos-locais-sobre-cocriacao-de-biodiversidade-urbana-em-viena\/","og_site_name":"Rightchallenge","article_published_time":"2025-03-07T10:27:19+00:00","article_modified_time":"2025-03-07T10:27:30+00:00","author":"Righchallenge","twitter_card":"summary_large_image","twitter_misc":{"Written by":"Righchallenge"},"schema":{"@context":"https:\/\/schema.org","@graph":[{"@type":"Article","@id":"https:\/\/rightchallenge.org\/co-bio-intercambio-de-casos-locais-sobre-cocriacao-de-biodiversidade-urbana-em-viena\/#article","isPartOf":{"@id":"https:\/\/rightchallenge.org\/co-bio-intercambio-de-casos-locais-sobre-cocriacao-de-biodiversidade-urbana-em-viena\/"},"author":{"name":"Righchallenge","@id":"https:\/\/rightchallenge.org\/#\/schema\/person\/c055d26fd0c0ef7284a434fb3a01c681"},"headline":"CO-BIO \u2013 Interc\u00e2mbio de Casos Locais sobre Cocria\u00e7\u00e3o de Biodiversidade Urbana em Viena","datePublished":"2025-03-07T10:27:19+00:00","dateModified":"2025-03-07T10:27:30+00:00","mainEntityOfPage":{"@id":"https:\/\/rightchallenge.org\/co-bio-intercambio-de-casos-locais-sobre-cocriacao-de-biodiversidade-urbana-em-viena\/"},"wordCount":673,"commentCount":0,"articleSection":["Sem categoria"],"inLanguage":"en-GB","potentialAction":[{"@type":"CommentAction","name":"Comment","target":["https:\/\/rightchallenge.org\/co-bio-intercambio-de-casos-locais-sobre-cocriacao-de-biodiversidade-urbana-em-viena\/#respond"]}]},{"@type":"WebPage","@id":"https:\/\/rightchallenge.org\/co-bio-intercambio-de-casos-locais-sobre-cocriacao-de-biodiversidade-urbana-em-viena\/","url":"https:\/\/rightchallenge.org\/co-bio-intercambio-de-casos-locais-sobre-cocriacao-de-biodiversidade-urbana-em-viena\/","name":"CO-BIO \u2013 Interc\u00e2mbio de Casos Locais sobre Cocria\u00e7\u00e3o de Biodiversidade Urbana em Viena - Rightchallenge","isPartOf":{"@id":"https:\/\/rightchallenge.org\/#website"},"datePublished":"2025-03-07T10:27:19+00:00","dateModified":"2025-03-07T10:27:30+00:00","author":{"@id":"https:\/\/rightchallenge.org\/#\/schema\/person\/c055d26fd0c0ef7284a434fb3a01c681"},"breadcrumb":{"@id":"https:\/\/rightchallenge.org\/co-bio-intercambio-de-casos-locais-sobre-cocriacao-de-biodiversidade-urbana-em-viena\/#breadcrumb"},"inLanguage":"en-GB","potentialAction":[{"@type":"ReadAction","target":["https:\/\/rightchallenge.org\/co-bio-intercambio-de-casos-locais-sobre-cocriacao-de-biodiversidade-urbana-em-viena\/"]}]},{"@type":"BreadcrumbList","@id":"https:\/\/rightchallenge.org\/co-bio-intercambio-de-casos-locais-sobre-cocriacao-de-biodiversidade-urbana-em-viena\/#breadcrumb","itemListElement":[{"@type":"ListItem","position":1,"name":"In\u00edcio","item":"https:\/\/rightchallenge.org\/"},{"@type":"ListItem","position":2,"name":"CO-BIO \u2013 Interc\u00e2mbio de Casos Locais sobre Cocria\u00e7\u00e3o de Biodiversidade Urbana em Viena"}]},{"@type":"WebSite","@id":"https:\/\/rightchallenge.org\/#website","url":"https:\/\/rightchallenge.org\/","name":"Rightchallenge","description":"Associa\u00e7\u00e3o","potentialAction":[{"@type":"SearchAction","target":{"@type":"EntryPoint","urlTemplate":"https:\/\/rightchallenge.org\/?s={search_term_string}"},"query-input":{"@type":"PropertyValueSpecification","valueRequired":true,"valueName":"search_term_string"}}],"inLanguage":"en-GB"},{"@type":"Person","@id":"https:\/\/rightchallenge.org\/#\/schema\/person\/c055d26fd0c0ef7284a434fb3a01c681","name":"Righchallenge","image":{"@type":"ImageObject","inLanguage":"en-GB","@id":"https:\/\/secure.gravatar.com\/avatar\/316d2bd1788dea98bad763ddecdc72ea95bec82b19fb3ac81a73e8626d8c1b14?s=96&d=mm&r=g","url":"https:\/\/secure.gravatar.com\/avatar\/316d2bd1788dea98bad763ddecdc72ea95bec82b19fb3ac81a73e8626d8c1b14?s=96&d=mm&r=g","contentUrl":"https:\/\/secure.gravatar.com\/avatar\/316d2bd1788dea98bad763ddecdc72ea95bec82b19fb3ac81a73e8626d8c1b14?s=96&d=mm&r=g","caption":"Righchallenge"},"url":"https:\/\/rightchallenge.org\/en\/author\/rca\/"}]}},"_links":{"self":[{"href":"https:\/\/rightchallenge.org\/en\/wp-json\/wp\/v2\/posts\/4793","targetHints":{"allow":["GET"]}}],"collection":[{"href":"https:\/\/rightchallenge.org\/en\/wp-json\/wp\/v2\/posts"}],"about":[{"href":"https:\/\/rightchallenge.org\/en\/wp-json\/wp\/v2\/types\/post"}],"author":[{"embeddable":true,"href":"https:\/\/rightchallenge.org\/en\/wp-json\/wp\/v2\/users\/2"}],"replies":[{"embeddable":true,"href":"https:\/\/rightchallenge.org\/en\/wp-json\/wp\/v2\/comments?post=4793"}],"version-history":[{"count":4,"href":"https:\/\/rightchallenge.org\/en\/wp-json\/wp\/v2\/posts\/4793\/revisions"}],"predecessor-version":[{"id":4799,"href":"https:\/\/rightchallenge.org\/en\/wp-json\/wp\/v2\/posts\/4793\/revisions\/4799"}],"wp:attachment":[{"href":"https:\/\/rightchallenge.org\/en\/wp-json\/wp\/v2\/media?parent=4793"}],"wp:term":[{"taxonomy":"category","embeddable":true,"href":"https:\/\/rightchallenge.org\/en\/wp-json\/wp\/v2\/categories?post=4793"},{"taxonomy":"post_tag","embeddable":true,"href":"https:\/\/rightchallenge.org\/en\/wp-json\/wp\/v2\/tags?post=4793"}],"curies":[{"name":"wp","href":"https:\/\/api.w.org\/{rel}","templated":true}]}}