{"id":4762,"date":"2025-03-05T17:59:50","date_gmt":"2025-03-05T16:59:50","guid":{"rendered":"https:\/\/rightchallenge.org\/?p=4762"},"modified":"2025-03-05T18:00:28","modified_gmt":"2025-03-05T17:00:28","slug":"4762-2","status":"publish","type":"post","link":"https:\/\/rightchallenge.org\/en\/4762-2\/","title":{"rendered":"Together We Can &#8211; Policy Brief"},"content":{"rendered":"<p>[et_pb_section fb_built=&#8221;1&#8243; admin_label=&#8221;Header&#8221; _builder_version=&#8221;4.25.1&#8243; _module_preset=&#8221;default&#8221; background_color=&#8221;gcid-8544a4e2-27b8-420a-83de-1cee04f2fb29&#8243; collapsed=&#8221;on&#8221; global_colors_info=&#8221;{%22gcid-8544a4e2-27b8-420a-83de-1cee04f2fb29%22:%91%22background_color%22%93}&#8221; theme_builder_area=&#8221;post_content&#8221;][et_pb_row column_structure=&#8221;2_3,1_3&#8243; _builder_version=&#8221;4.25.1&#8243; _module_preset=&#8221;default&#8221; global_colors_info=&#8221;{}&#8221; theme_builder_area=&#8221;post_content&#8221;][et_pb_column type=&#8221;2_3&#8243; _builder_version=&#8221;4.25.1&#8243; _module_preset=&#8221;default&#8221; global_colors_info=&#8221;{}&#8221; theme_builder_area=&#8221;post_content&#8221;][et_pb_image src=&#8221;https:\/\/rightchallenge.org\/wp-content\/uploads\/2025\/03\/psychologist-06.jpg&#8221; title_text=&#8221;psychologist-06&#8243; _builder_version=&#8221;4.25.1&#8243; _module_preset=&#8221;default&#8221; width=&#8221;50%&#8221; border_radii=&#8221;on|500px|500px|500px|500px&#8221; global_colors_info=&#8221;{}&#8221; theme_builder_area=&#8221;post_content&#8221;][\/et_pb_image][et_pb_divider show_divider=&#8221;off&#8221; _builder_version=&#8221;4.25.1&#8243; _module_preset=&#8221;default&#8221; background_color=&#8221;gcid-bcc99e3b-722a-4dba-85e5-49c6d1592562&#8243; positioning=&#8221;absolute&#8221; width=&#8221;90px&#8221; width_tablet=&#8221;90px&#8221; width_phone=&#8221;60px&#8221; width_last_edited=&#8221;on|desktop&#8221; height=&#8221;90px&#8221; height_tablet=&#8221;90px&#8221; height_phone=&#8221;60px&#8221; height_last_edited=&#8221;on|desktop&#8221; border_radii=&#8221;on|500px|500px|500px|500px&#8221; global_colors_info=&#8221;{%22gcid-bcc99e3b-722a-4dba-85e5-49c6d1592562%22:%91%22background_color%22,%22background_color%22,%22background_color%22%93}&#8221; theme_builder_area=&#8221;post_content&#8221;][\/et_pb_divider][\/et_pb_column][et_pb_column type=&#8221;1_3&#8243; _builder_version=&#8221;4.25.1&#8243; _module_preset=&#8221;default&#8221; global_colors_info=&#8221;{}&#8221; theme_builder_area=&#8221;post_content&#8221;][et_pb_text _builder_version=&#8221;4.27.4&#8243; _module_preset=&#8221;default&#8221; theme_builder_area=&#8221;post_content&#8221; hover_enabled=&#8221;0&#8243; sticky_enabled=&#8221;0&#8243;]<\/p>\n<h1 style=\"text-align: center;\"><\/h1>\n<h1 style=\"text-align: center;\"><\/h1>\n<h1 style=\"text-align: center;\"><\/h1>\n<h1 style=\"text-align: center;\"><\/h1>\n<h1 style=\"text-align: center;\"><\/h1>\n<p>&nbsp;<\/p>\n<h1 style=\"text-align: center;\"><\/h1>\n<h1 style=\"text-align: center;\">A Mudan\u00e7a come\u00e7a aqui!<\/h1>\n<p>[\/et_pb_text][\/et_pb_column][\/et_pb_row][\/et_pb_section][et_pb_section fb_built=&#8221;1&#8243; admin_label=&#8221;About&#8221; _builder_version=&#8221;4.25.1&#8243; _module_preset=&#8221;default&#8221; collapsed=&#8221;on&#8221; global_colors_info=&#8221;{}&#8221; theme_builder_area=&#8221;post_content&#8221;][et_pb_row _builder_version=&#8221;4.25.1&#8243; _module_preset=&#8221;default&#8221; global_colors_info=&#8221;{}&#8221; theme_builder_area=&#8221;post_content&#8221;][et_pb_column type=&#8221;4_4&#8243; _builder_version=&#8221;4.25.1&#8243; _module_preset=&#8221;default&#8221; global_colors_info=&#8221;{}&#8221; theme_builder_area=&#8221;post_content&#8221;][et_pb_heading title=&#8221;Pol\u00edticas Inclusivas para a Integra\u00e7\u00e3o de Mulheres Migrantes na Sociedade Europeia&#8221; _builder_version=&#8221;4.27.4&#8243; _module_preset=&#8221;8e032b93-547f-4168-89d1-ce199ee37afa&#8221; title_text_align=&#8221;center&#8221; title_text_color=&#8221;gcid-fa3e187d-20a7-4c5a-962d-49a38117a4cc&#8221; hover_enabled=&#8221;0&#8243; global_colors_info=&#8221;{%22gcid-fa3e187d-20a7-4c5a-962d-49a38117a4cc%22:%91%22title_text_color%22%93}&#8221; theme_builder_area=&#8221;post_content&#8221; sticky_enabled=&#8221;0&#8243; border_color_top=&#8221;#000000&#8243; border_width_top=&#8221;2px&#8221;][\/et_pb_heading][\/et_pb_column][\/et_pb_row][et_pb_row _builder_version=&#8221;4.25.1&#8243; _module_preset=&#8221;default&#8221; global_colors_info=&#8221;{}&#8221; theme_builder_area=&#8221;post_content&#8221;][et_pb_column type=&#8221;4_4&#8243; _builder_version=&#8221;4.25.1&#8243; _module_preset=&#8221;default&#8221; global_colors_info=&#8221;{}&#8221; theme_builder_area=&#8221;post_content&#8221;][et_pb_text _builder_version=&#8221;4.27.4&#8243; _module_preset=&#8221;default&#8221; theme_builder_area=&#8221;post_content&#8221; hover_enabled=&#8221;0&#8243; sticky_enabled=&#8221;0&#8243;]<\/p>\n<p data-pm-slice=\"1 1 []\" style=\"text-align: justify;\"><span>A integra\u00e7\u00e3o de mulheres migrantes no mercado de trabalho, educa\u00e7\u00e3o e forma\u00e7\u00e3o \u00e9 um desafio essencial para a constru\u00e7\u00e3o de uma Europa mais inclusiva e igualit\u00e1ria. Para responder a esta necessidade, o nosso <\/span><span><strong>Policy Brief<\/strong><\/span><span>, desenvolvido a partir dos Relat\u00f3rios Nacionais dos pa\u00edses parceiros do projeto, apresenta experi\u00eancias, desafios e solu\u00e7\u00f5es concretas para promover essa integra\u00e7\u00e3o de forma eficaz e sustent\u00e1vel.<\/span><\/p>\n<p>[\/et_pb_text][\/et_pb_column][\/et_pb_row][et_pb_row _builder_version=&#8221;4.27.4&#8243; _module_preset=&#8221;default&#8221; theme_builder_area=&#8221;post_content&#8221; column_structure=&#8221;1_2,1_2&#8243;][et_pb_column _builder_version=&#8221;4.27.4&#8243; _module_preset=&#8221;default&#8221; type=&#8221;1_2&#8243; theme_builder_area=&#8221;post_content&#8221;][et_pb_text _builder_version=&#8221;4.27.4&#8243; _module_preset=&#8221;default&#8221; theme_builder_area=&#8221;post_content&#8221; hover_enabled=&#8221;0&#8243; sticky_enabled=&#8221;0&#8243;]<\/p>\n<p data-pm-slice=\"1 3 []\" style=\"text-align: justify;\"><strong>O que pode ser feito?<\/strong><\/p>\n<p style=\"text-align: justify;\"><span>Para garantir a inclus\u00e3o efetiva das mulheres migrantes na sociedade europeia, \u00e9 essencial apostar em estrat\u00e9gias abrangentes que promovam a igualdade de oportunidades. Algumas das principais medidas incluem:<\/span><\/p>\n<p style=\"text-align: justify;\"><span><\/span><\/p>\n<p style=\"text-align: justify;\"><span><strong>Investir em pol\u00edticas inclusivas<\/strong><\/span><span> que facilitem o acesso ao emprego, \u00e0 educa\u00e7\u00e3o e \u00e0 forma\u00e7\u00e3o profissional.<\/span><span><\/span><span><\/span><\/p>\n<p style=\"text-align: justify;\"><span><strong>Facilitar o reconhecimento de compet\u00eancias e qualifica\u00e7\u00f5es<\/strong><\/span><span> adquiridas no estrangeiro, reduzindo o fosso entre experi\u00eancias profissionais anteriores e os requisitos do mercado de trabalho europeu.<\/span><span><\/span><span><\/span><\/p>\n<p style=\"text-align: justify;\"><span><strong>Refor\u00e7ar a colabora\u00e7\u00e3o entre diferentes atores<\/strong><\/span><span>: promover alian\u00e7as entre institui\u00e7\u00f5es, organiza\u00e7\u00f5es da sociedade civil e empresas para criar percursos sustent\u00e1veis de integra\u00e7\u00e3o.<\/span><\/p>\n<p>[\/et_pb_text][\/et_pb_column][et_pb_column _builder_version=&#8221;4.27.4&#8243; _module_preset=&#8221;default&#8221; type=&#8221;1_2&#8243; theme_builder_area=&#8221;post_content&#8221;][et_pb_text _builder_version=&#8221;4.27.4&#8243; _module_preset=&#8221;default&#8221; theme_builder_area=&#8221;post_content&#8221; hover_enabled=&#8221;0&#8243; sticky_enabled=&#8221;0&#8243;]<\/p>\n<p data-pm-slice=\"1 3 []\" style=\"text-align: justify;\"><strong>Recomenda\u00e7\u00f5es para profissionais e decisores p\u00fablicos<\/strong><\/p>\n<p style=\"text-align: justify;\"><span>A integra\u00e7\u00e3o das mulheres migrantes n\u00e3o depende apenas de mudan\u00e7as estruturais, mas tamb\u00e9m de a\u00e7\u00f5es espec\u00edficas por parte de profissionais e decisores pol\u00edticos. Algumas recomenda\u00e7\u00f5es incluem:<\/span><\/p>\n<p style=\"text-align: justify;\"><span><\/span><\/p>\n<p style=\"text-align: justify;\"><span><strong>Empoderamento e mentoria<\/strong><\/span><span> para envolver as mulheres migrantes nos processos de tomada de decis\u00e3o.<\/span><\/p>\n<p style=\"text-align: justify;\"><span><\/span><\/p>\n<p style=\"text-align: justify;\"><span><strong>Cria\u00e7\u00e3o de redes de apoio<\/strong><\/span><span> para cuidados infantis e trabalho flex\u00edvel, permitindo maior participa\u00e7\u00e3o no mercado de trabalho.<\/span><\/p>\n<p style=\"text-align: justify;\"><span><\/span><\/p>\n<p style=\"text-align: justify;\"><span><strong>Investimento em pol\u00edticas inclusivas, cursos de l\u00ednguas e forma\u00e7\u00e3o profissional<\/strong><\/span><span> para facilitar a adapta\u00e7\u00e3o e crescimento profissional.<\/span><\/p>\n<p style=\"text-align: justify;\"><span><\/span><\/p>\n<p style=\"text-align: justify;\"><span><strong>Promo\u00e7\u00e3o da contrata\u00e7\u00e3o inclusiva e refor\u00e7o da colabora\u00e7\u00e3o<\/strong><\/span><span> entre os setores p\u00fablico, privado e sem fins lucrativos.<\/span><\/p>\n<p>[\/et_pb_text][\/et_pb_column][\/et_pb_row][et_pb_row _builder_version=&#8221;4.27.4&#8243; _module_preset=&#8221;default&#8221; theme_builder_area=&#8221;post_content&#8221;][et_pb_column _builder_version=&#8221;4.27.4&#8243; _module_preset=&#8221;default&#8221; type=&#8221;4_4&#8243; theme_builder_area=&#8221;post_content&#8221;][et_pb_divider _builder_version=&#8221;4.27.4&#8243; _module_preset=&#8221;default&#8221; theme_builder_area=&#8221;post_content&#8221; hover_enabled=&#8221;0&#8243; sticky_enabled=&#8221;0&#8243; color=&#8221;#000000&#8243;][\/et_pb_divider][\/et_pb_column][\/et_pb_row][et_pb_row _builder_version=&#8221;4.27.4&#8243; _module_preset=&#8221;default&#8221; theme_builder_area=&#8221;post_content&#8221;][et_pb_column _builder_version=&#8221;4.27.4&#8243; _module_preset=&#8221;default&#8221; type=&#8221;4_4&#8243; theme_builder_area=&#8221;post_content&#8221;][et_pb_text _builder_version=&#8221;4.27.4&#8243; _module_preset=&#8221;default&#8221; theme_builder_area=&#8221;post_content&#8221; hover_enabled=&#8221;0&#8243; sticky_enabled=&#8221;0&#8243;]<\/p>\n<p data-pm-slice=\"1 1 []\" style=\"text-align: justify;\"><span>A integra\u00e7\u00e3o das mulheres migrantes \u00e9 um passo fundamental para o progresso social e econ\u00f3mico na Europa. Atrav\u00e9s da implementa\u00e7\u00e3o de pol\u00edticas eficazes, da colabora\u00e7\u00e3o entre diferentes setores e do investimento na capacita\u00e7\u00e3o e inclus\u00e3o, podemos construir um futuro mais justo e acess\u00edvel para todos.<\/span><\/p>\n<p>[\/et_pb_text][et_pb_cta title=&#8221;Saiba mais sobre as nossas iniciativas e descubra como pode contribuir&#8221; button_text=&#8221;Project Website&#8221; _builder_version=&#8221;4.27.4&#8243; _module_preset=&#8221;default&#8221; theme_builder_area=&#8221;post_content&#8221; hover_enabled=&#8221;0&#8243; sticky_enabled=&#8221;0&#8243; button_url=&#8221;https:\/\/togetherwecanproject.eu\/project-results\/&#8221; background_color=&#8221;#000000&#8243;][\/et_pb_cta][\/et_pb_column][\/et_pb_row][\/et_pb_section]<\/p>\n","protected":false},"excerpt":{"rendered":"<p>&nbsp; A Mudan\u00e7a come\u00e7a aqui!A integra\u00e7\u00e3o de mulheres migrantes no mercado de trabalho, educa\u00e7\u00e3o e forma\u00e7\u00e3o \u00e9 um desafio essencial para a constru\u00e7\u00e3o de uma Europa mais inclusiva e igualit\u00e1ria. Para responder a esta necessidade, o nosso Policy Brief, desenvolvido a partir dos Relat\u00f3rios Nacionais dos pa\u00edses parceiros do projeto, apresenta experi\u00eancias, desafios e solu\u00e7\u00f5es [&hellip;]<\/p>\n","protected":false},"author":2,"featured_media":0,"comment_status":"open","ping_status":"closed","sticky":false,"template":"","format":"standard","meta":{"_et_pb_use_builder":"on","_et_pb_old_content":"","_et_gb_content_width":"","_monsterinsights_skip_tracking":false,"_monsterinsights_sitenote_active":false,"_monsterinsights_sitenote_note":"","_monsterinsights_sitenote_category":0,"footnotes":""},"categories":[1],"tags":[],"class_list":["post-4762","post","type-post","status-publish","format-standard","hentry","category-sem-categoria"],"yoast_head":"<!-- This site is optimized with the Yoast SEO plugin v27.5 - https:\/\/yoast.com\/product\/yoast-seo-wordpress\/ -->\n<title>Together We Can - Policy Brief - Rightchallenge<\/title>\n<meta name=\"robots\" content=\"index, follow, max-snippet:-1, max-image-preview:large, max-video-preview:-1\" \/>\n<link rel=\"canonical\" href=\"https:\/\/rightchallenge.org\/en\/4762-2\/\" \/>\n<meta property=\"og:locale\" content=\"en_GB\" \/>\n<meta property=\"og:type\" content=\"article\" \/>\n<meta property=\"og:title\" content=\"Together We Can - Policy Brief - Rightchallenge\" \/>\n<meta property=\"og:description\" content=\"&nbsp; A Mudan\u00e7a come\u00e7a aqui!A integra\u00e7\u00e3o de mulheres migrantes no mercado de trabalho, educa\u00e7\u00e3o e forma\u00e7\u00e3o \u00e9 um desafio essencial para a constru\u00e7\u00e3o de uma Europa mais inclusiva e igualit\u00e1ria. Para responder a esta necessidade, o nosso Policy Brief, desenvolvido a partir dos Relat\u00f3rios Nacionais dos pa\u00edses parceiros do projeto, apresenta experi\u00eancias, desafios e solu\u00e7\u00f5es [&hellip;]\" \/>\n<meta property=\"og:url\" content=\"https:\/\/rightchallenge.org\/en\/4762-2\/\" \/>\n<meta property=\"og:site_name\" content=\"Rightchallenge\" \/>\n<meta property=\"article:published_time\" content=\"2025-03-05T16:59:50+00:00\" \/>\n<meta property=\"article:modified_time\" content=\"2025-03-05T17:00:28+00:00\" \/>\n<meta name=\"author\" content=\"Righchallenge\" \/>\n<meta name=\"twitter:card\" content=\"summary_large_image\" \/>\n<meta name=\"twitter:label1\" content=\"Written by\" \/>\n\t<meta name=\"twitter:data1\" content=\"Righchallenge\" \/>\n<script type=\"application\/ld+json\" class=\"yoast-schema-graph\">{\"@context\":\"https:\\\/\\\/schema.org\",\"@graph\":[{\"@type\":\"Article\",\"@id\":\"https:\\\/\\\/rightchallenge.org\\\/4762-2\\\/#article\",\"isPartOf\":{\"@id\":\"https:\\\/\\\/rightchallenge.org\\\/4762-2\\\/\"},\"author\":{\"name\":\"Righchallenge\",\"@id\":\"https:\\\/\\\/rightchallenge.org\\\/#\\\/schema\\\/person\\\/c055d26fd0c0ef7284a434fb3a01c681\"},\"headline\":\"Together We Can &#8211; Policy Brief\",\"datePublished\":\"2025-03-05T16:59:50+00:00\",\"dateModified\":\"2025-03-05T17:00:28+00:00\",\"mainEntityOfPage\":{\"@id\":\"https:\\\/\\\/rightchallenge.org\\\/4762-2\\\/\"},\"wordCount\":1071,\"commentCount\":0,\"articleSection\":[\"Sem categoria\"],\"inLanguage\":\"en-GB\",\"potentialAction\":[{\"@type\":\"CommentAction\",\"name\":\"Comment\",\"target\":[\"https:\\\/\\\/rightchallenge.org\\\/4762-2\\\/#respond\"]}]},{\"@type\":\"WebPage\",\"@id\":\"https:\\\/\\\/rightchallenge.org\\\/4762-2\\\/\",\"url\":\"https:\\\/\\\/rightchallenge.org\\\/4762-2\\\/\",\"name\":\"Together We Can - Policy Brief - Rightchallenge\",\"isPartOf\":{\"@id\":\"https:\\\/\\\/rightchallenge.org\\\/#website\"},\"datePublished\":\"2025-03-05T16:59:50+00:00\",\"dateModified\":\"2025-03-05T17:00:28+00:00\",\"author\":{\"@id\":\"https:\\\/\\\/rightchallenge.org\\\/#\\\/schema\\\/person\\\/c055d26fd0c0ef7284a434fb3a01c681\"},\"breadcrumb\":{\"@id\":\"https:\\\/\\\/rightchallenge.org\\\/4762-2\\\/#breadcrumb\"},\"inLanguage\":\"en-GB\",\"potentialAction\":[{\"@type\":\"ReadAction\",\"target\":[\"https:\\\/\\\/rightchallenge.org\\\/4762-2\\\/\"]}]},{\"@type\":\"BreadcrumbList\",\"@id\":\"https:\\\/\\\/rightchallenge.org\\\/4762-2\\\/#breadcrumb\",\"itemListElement\":[{\"@type\":\"ListItem\",\"position\":1,\"name\":\"In\u00edcio\",\"item\":\"https:\\\/\\\/rightchallenge.org\\\/\"},{\"@type\":\"ListItem\",\"position\":2,\"name\":\"Together We Can &#8211; Policy Brief\"}]},{\"@type\":\"WebSite\",\"@id\":\"https:\\\/\\\/rightchallenge.org\\\/#website\",\"url\":\"https:\\\/\\\/rightchallenge.org\\\/\",\"name\":\"Rightchallenge\",\"description\":\"Associa\u00e7\u00e3o\",\"potentialAction\":[{\"@type\":\"SearchAction\",\"target\":{\"@type\":\"EntryPoint\",\"urlTemplate\":\"https:\\\/\\\/rightchallenge.org\\\/?s={search_term_string}\"},\"query-input\":{\"@type\":\"PropertyValueSpecification\",\"valueRequired\":true,\"valueName\":\"search_term_string\"}}],\"inLanguage\":\"en-GB\"},{\"@type\":\"Person\",\"@id\":\"https:\\\/\\\/rightchallenge.org\\\/#\\\/schema\\\/person\\\/c055d26fd0c0ef7284a434fb3a01c681\",\"name\":\"Righchallenge\",\"image\":{\"@type\":\"ImageObject\",\"inLanguage\":\"en-GB\",\"@id\":\"https:\\\/\\\/secure.gravatar.com\\\/avatar\\\/316d2bd1788dea98bad763ddecdc72ea95bec82b19fb3ac81a73e8626d8c1b14?s=96&d=mm&r=g\",\"url\":\"https:\\\/\\\/secure.gravatar.com\\\/avatar\\\/316d2bd1788dea98bad763ddecdc72ea95bec82b19fb3ac81a73e8626d8c1b14?s=96&d=mm&r=g\",\"contentUrl\":\"https:\\\/\\\/secure.gravatar.com\\\/avatar\\\/316d2bd1788dea98bad763ddecdc72ea95bec82b19fb3ac81a73e8626d8c1b14?s=96&d=mm&r=g\",\"caption\":\"Righchallenge\"},\"url\":\"https:\\\/\\\/rightchallenge.org\\\/en\\\/author\\\/rca\\\/\"}]}<\/script>\n<!-- \/ Yoast SEO plugin. -->","yoast_head_json":{"title":"Together We Can - Policy Brief - Rightchallenge","robots":{"index":"index","follow":"follow","max-snippet":"max-snippet:-1","max-image-preview":"max-image-preview:large","max-video-preview":"max-video-preview:-1"},"canonical":"https:\/\/rightchallenge.org\/en\/4762-2\/","og_locale":"en_GB","og_type":"article","og_title":"Together We Can - Policy Brief - Rightchallenge","og_description":"&nbsp; A Mudan\u00e7a come\u00e7a aqui!A integra\u00e7\u00e3o de mulheres migrantes no mercado de trabalho, educa\u00e7\u00e3o e forma\u00e7\u00e3o \u00e9 um desafio essencial para a constru\u00e7\u00e3o de uma Europa mais inclusiva e igualit\u00e1ria. Para responder a esta necessidade, o nosso Policy Brief, desenvolvido a partir dos Relat\u00f3rios Nacionais dos pa\u00edses parceiros do projeto, apresenta experi\u00eancias, desafios e solu\u00e7\u00f5es [&hellip;]","og_url":"https:\/\/rightchallenge.org\/en\/4762-2\/","og_site_name":"Rightchallenge","article_published_time":"2025-03-05T16:59:50+00:00","article_modified_time":"2025-03-05T17:00:28+00:00","author":"Righchallenge","twitter_card":"summary_large_image","twitter_misc":{"Written by":"Righchallenge"},"schema":{"@context":"https:\/\/schema.org","@graph":[{"@type":"Article","@id":"https:\/\/rightchallenge.org\/4762-2\/#article","isPartOf":{"@id":"https:\/\/rightchallenge.org\/4762-2\/"},"author":{"name":"Righchallenge","@id":"https:\/\/rightchallenge.org\/#\/schema\/person\/c055d26fd0c0ef7284a434fb3a01c681"},"headline":"Together We Can &#8211; Policy Brief","datePublished":"2025-03-05T16:59:50+00:00","dateModified":"2025-03-05T17:00:28+00:00","mainEntityOfPage":{"@id":"https:\/\/rightchallenge.org\/4762-2\/"},"wordCount":1071,"commentCount":0,"articleSection":["Sem categoria"],"inLanguage":"en-GB","potentialAction":[{"@type":"CommentAction","name":"Comment","target":["https:\/\/rightchallenge.org\/4762-2\/#respond"]}]},{"@type":"WebPage","@id":"https:\/\/rightchallenge.org\/4762-2\/","url":"https:\/\/rightchallenge.org\/4762-2\/","name":"Together We Can - Policy Brief - Rightchallenge","isPartOf":{"@id":"https:\/\/rightchallenge.org\/#website"},"datePublished":"2025-03-05T16:59:50+00:00","dateModified":"2025-03-05T17:00:28+00:00","author":{"@id":"https:\/\/rightchallenge.org\/#\/schema\/person\/c055d26fd0c0ef7284a434fb3a01c681"},"breadcrumb":{"@id":"https:\/\/rightchallenge.org\/4762-2\/#breadcrumb"},"inLanguage":"en-GB","potentialAction":[{"@type":"ReadAction","target":["https:\/\/rightchallenge.org\/4762-2\/"]}]},{"@type":"BreadcrumbList","@id":"https:\/\/rightchallenge.org\/4762-2\/#breadcrumb","itemListElement":[{"@type":"ListItem","position":1,"name":"In\u00edcio","item":"https:\/\/rightchallenge.org\/"},{"@type":"ListItem","position":2,"name":"Together We Can &#8211; Policy Brief"}]},{"@type":"WebSite","@id":"https:\/\/rightchallenge.org\/#website","url":"https:\/\/rightchallenge.org\/","name":"Rightchallenge","description":"Associa\u00e7\u00e3o","potentialAction":[{"@type":"SearchAction","target":{"@type":"EntryPoint","urlTemplate":"https:\/\/rightchallenge.org\/?s={search_term_string}"},"query-input":{"@type":"PropertyValueSpecification","valueRequired":true,"valueName":"search_term_string"}}],"inLanguage":"en-GB"},{"@type":"Person","@id":"https:\/\/rightchallenge.org\/#\/schema\/person\/c055d26fd0c0ef7284a434fb3a01c681","name":"Righchallenge","image":{"@type":"ImageObject","inLanguage":"en-GB","@id":"https:\/\/secure.gravatar.com\/avatar\/316d2bd1788dea98bad763ddecdc72ea95bec82b19fb3ac81a73e8626d8c1b14?s=96&d=mm&r=g","url":"https:\/\/secure.gravatar.com\/avatar\/316d2bd1788dea98bad763ddecdc72ea95bec82b19fb3ac81a73e8626d8c1b14?s=96&d=mm&r=g","contentUrl":"https:\/\/secure.gravatar.com\/avatar\/316d2bd1788dea98bad763ddecdc72ea95bec82b19fb3ac81a73e8626d8c1b14?s=96&d=mm&r=g","caption":"Righchallenge"},"url":"https:\/\/rightchallenge.org\/en\/author\/rca\/"}]}},"_links":{"self":[{"href":"https:\/\/rightchallenge.org\/en\/wp-json\/wp\/v2\/posts\/4762","targetHints":{"allow":["GET"]}}],"collection":[{"href":"https:\/\/rightchallenge.org\/en\/wp-json\/wp\/v2\/posts"}],"about":[{"href":"https:\/\/rightchallenge.org\/en\/wp-json\/wp\/v2\/types\/post"}],"author":[{"embeddable":true,"href":"https:\/\/rightchallenge.org\/en\/wp-json\/wp\/v2\/users\/2"}],"replies":[{"embeddable":true,"href":"https:\/\/rightchallenge.org\/en\/wp-json\/wp\/v2\/comments?post=4762"}],"version-history":[{"count":3,"href":"https:\/\/rightchallenge.org\/en\/wp-json\/wp\/v2\/posts\/4762\/revisions"}],"predecessor-version":[{"id":4773,"href":"https:\/\/rightchallenge.org\/en\/wp-json\/wp\/v2\/posts\/4762\/revisions\/4773"}],"wp:attachment":[{"href":"https:\/\/rightchallenge.org\/en\/wp-json\/wp\/v2\/media?parent=4762"}],"wp:term":[{"taxonomy":"category","embeddable":true,"href":"https:\/\/rightchallenge.org\/en\/wp-json\/wp\/v2\/categories?post=4762"},{"taxonomy":"post_tag","embeddable":true,"href":"https:\/\/rightchallenge.org\/en\/wp-json\/wp\/v2\/tags?post=4762"}],"curies":[{"name":"wp","href":"https:\/\/api.w.org\/{rel}","templated":true}]}}