{"id":419,"date":"2020-06-02T15:24:56","date_gmt":"2020-06-02T15:24:56","guid":{"rendered":"https:\/\/rightchallenge.org\/?p=419"},"modified":"2020-06-02T15:29:54","modified_gmt":"2020-06-02T15:29:54","slug":"politicas-de-educacao-de-adultos-em-portugal-uma-perspectiva-de-empoderamento-humano-ou-crescimento-economico","status":"publish","type":"post","link":"https:\/\/rightchallenge.org\/en\/politicas-de-educacao-de-adultos-em-portugal-uma-perspectiva-de-empoderamento-humano-ou-crescimento-economico\/","title":{"rendered":"Adult Education Policies in Portugal: a perspective of human empowerment or economic growth?"},"content":{"rendered":"\n[et_pb_section fb_built=&#8221;1&#8243; admin_label=&#8221;Header&#8221; _builder_version=&#8221;4.3.2&#8243;][et_pb_row custom_padding_last_edited=&#8221;off|desktop&#8221; _builder_version=&#8221;4.3.2&#8243; background_enable_color=&#8221;off&#8221; custom_padding_tablet=&#8221;||30px||false|false&#8221; locked=&#8221;off&#8221;][et_pb_column type=&#8221;4_4&#8243; _builder_version=&#8221;4.3.2&#8243; custom_padding_tablet=&#8221;||20px||false|false&#8221; custom_padding_phone=&#8221;&#8221; custom_padding_last_edited=&#8221;on|tablet&#8221;][et_pb_image src=&#8221;https:\/\/rightchallenge.org\/wp-content\/uploads\/2020\/06\/priscilla-du-preez-XkKCui44iM0-unsplash-scaled.jpg&#8221; title_text=&#8221;priscilla-du-preez-XkKCui44iM0-unsplash&#8221; _builder_version=&#8221;4.4.5&#8243; width=&#8221;61%&#8221; module_alignment=&#8221;center&#8221;][\/et_pb_image][et_pb_text _builder_version=&#8221;4.4.5&#8243; text_font=&#8221;PT Sans||||||||&#8221; text_font_size=&#8221;16px&#8221; text_line_height=&#8221;1.8em&#8221;]<p style=\"text-align: justify;\">De acordo com a Recomenda\u00e7\u00e3o Portuguesa das Pol\u00edticas P\u00fablicas de Educa\u00e7\u00e3o e Forma\u00e7\u00e3o de Adultos, todo o processo de educa\u00e7\u00e3o de adultos deve centrar-se nos indiv\u00edduos, que devem apropriar-se do seu pr\u00f3prio itiner\u00e1rio formativo e reflectir sobre as suas pr\u00f3prias pr\u00e1ticas, mas tamb\u00e9m tendo em conta as rela\u00e7\u00f5es que estabelecem com os outros.<\/p>\n<p style=\"text-align: justify;\">Contudo, este conceito de educa\u00e7\u00e3o de adultos continua a ser ut\u00f3pico, uma vez que a aplica\u00e7\u00e3o pr\u00e1tica dos programas de educa\u00e7\u00e3o de adultos n\u00e3o contempla a dimens\u00e3o da pessoa adulta como um todo. A Estrat\u00e9gia Portuguesa de Educa\u00e7\u00e3o de Adultos tem conseguido desinvestir e desarticular as respostas s\u00f3cio-educativas \u00e0 popula\u00e7\u00e3o adulta portuguesa, especialmente quando se considera os adultos marginalizados.<\/p>\n<p style=\"text-align: justify;\">A educa\u00e7\u00e3o comunit\u00e1ria deve ser integrada na pol\u00edtica global de educa\u00e7\u00e3o de adultos, porque as comunidades devem estar conscientes dos seus obst\u00e1culos e desafios s\u00f3cio-educativos &#8211; tanto individuais como colectivos &#8211; e, assim, colocar cada adulto como actor principal nas decis\u00f5es que influenciam o seu pr\u00f3prio desenvolvimento como pessoa e como membro da sociedade.<\/p>\n<p style=\"text-align: justify;\">\u00c9 necess\u00e1rio integrar a educa\u00e7\u00e3o e forma\u00e7\u00e3o de adultos nos programas de desenvolvimento territorial, nos projectos sociais, culturais, de lazer, empresariais e desportivos, e implementar metodologias educativas proactivas.<\/p>[\/et_pb_text][\/et_pb_column][\/et_pb_row][\/et_pb_section]\n","protected":false},"excerpt":{"rendered":"<p>De acordo com a Recomenda\u00e7\u00e3o Portuguesa das Pol\u00edticas P\u00fablicas de Educa\u00e7\u00e3o e Forma\u00e7\u00e3o de Adultos, todo o processo de educa\u00e7\u00e3o de adultos deve centrar-se nos indiv\u00edduos, que devem apropriar-se do seu pr\u00f3prio itiner\u00e1rio formativo e reflectir sobre as suas pr\u00f3prias pr\u00e1ticas, mas tamb\u00e9m tendo em conta as rela\u00e7\u00f5es que estabelecem com os outros. Contudo, este [&hellip;]<\/p>\n","protected":false},"author":2,"featured_media":425,"comment_status":"open","ping_status":"closed","sticky":false,"template":"","format":"standard","meta":{"_et_pb_use_builder":"on","_et_pb_old_content":"","_et_gb_content_width":"1080","_monsterinsights_skip_tracking":false,"_monsterinsights_sitenote_active":false,"_monsterinsights_sitenote_note":"","_monsterinsights_sitenote_category":0,"footnotes":""},"categories":[11],"tags":[],"class_list":["post-419","post","type-post","status-publish","format-standard","has-post-thumbnail","hentry","category-educacao-de-adultos"],"yoast_head":"<!-- This site is optimized with the Yoast SEO plugin v27.5 - https:\/\/yoast.com\/product\/yoast-seo-wordpress\/ -->\n<title>Pol\u00edticas de Educa\u00e7\u00e3o de Adultos em Portugal: uma perspectiva de empoderamento humano ou crescimento econ\u00f3mico? - Rightchallenge<\/title>\n<meta name=\"robots\" content=\"index, follow, max-snippet:-1, max-image-preview:large, max-video-preview:-1\" \/>\n<link rel=\"canonical\" href=\"https:\/\/rightchallenge.org\/en\/politicas-de-educacao-de-adultos-em-portugal-uma-perspectiva-de-empoderamento-humano-ou-crescimento-economico\/\" \/>\n<meta property=\"og:locale\" content=\"en_GB\" \/>\n<meta property=\"og:type\" content=\"article\" \/>\n<meta property=\"og:title\" content=\"Pol\u00edticas de Educa\u00e7\u00e3o de Adultos em Portugal: uma perspectiva de empoderamento humano ou crescimento econ\u00f3mico? - Rightchallenge\" \/>\n<meta property=\"og:description\" content=\"De acordo com a Recomenda\u00e7\u00e3o Portuguesa das Pol\u00edticas P\u00fablicas de Educa\u00e7\u00e3o e Forma\u00e7\u00e3o de Adultos, todo o processo de educa\u00e7\u00e3o de adultos deve centrar-se nos indiv\u00edduos, que devem apropriar-se do seu pr\u00f3prio itiner\u00e1rio formativo e reflectir sobre as suas pr\u00f3prias pr\u00e1ticas, mas tamb\u00e9m tendo em conta as rela\u00e7\u00f5es que estabelecem com os outros. Contudo, este [&hellip;]\" \/>\n<meta property=\"og:url\" content=\"https:\/\/rightchallenge.org\/en\/politicas-de-educacao-de-adultos-em-portugal-uma-perspectiva-de-empoderamento-humano-ou-crescimento-economico\/\" \/>\n<meta property=\"og:site_name\" content=\"Rightchallenge\" \/>\n<meta property=\"article:published_time\" content=\"2020-06-02T15:24:56+00:00\" \/>\n<meta property=\"article:modified_time\" content=\"2020-06-02T15:29:54+00:00\" \/>\n<meta property=\"og:image\" content=\"https:\/\/rightchallenge.org\/wp-content\/uploads\/2020\/06\/priscilla-du-preez-XkKCui44iM0-unsplash-scaled.jpg\" \/>\n\t<meta property=\"og:image:width\" content=\"2560\" \/>\n\t<meta property=\"og:image:height\" content=\"1707\" \/>\n\t<meta property=\"og:image:type\" content=\"image\/jpeg\" \/>\n<meta name=\"author\" content=\"Righchallenge\" \/>\n<meta name=\"twitter:card\" content=\"summary_large_image\" \/>\n<meta name=\"twitter:label1\" content=\"Written by\" \/>\n\t<meta name=\"twitter:data1\" content=\"Righchallenge\" \/>\n\t<meta name=\"twitter:label2\" content=\"Estimated reading time\" \/>\n\t<meta name=\"twitter:data2\" content=\"2 minutes\" \/>\n<script type=\"application\/ld+json\" class=\"yoast-schema-graph\">{\"@context\":\"https:\\\/\\\/schema.org\",\"@graph\":[{\"@type\":\"Article\",\"@id\":\"https:\\\/\\\/rightchallenge.org\\\/politicas-de-educacao-de-adultos-em-portugal-uma-perspectiva-de-empoderamento-humano-ou-crescimento-economico\\\/#article\",\"isPartOf\":{\"@id\":\"https:\\\/\\\/rightchallenge.org\\\/politicas-de-educacao-de-adultos-em-portugal-uma-perspectiva-de-empoderamento-humano-ou-crescimento-economico\\\/\"},\"author\":{\"name\":\"Righchallenge\",\"@id\":\"https:\\\/\\\/rightchallenge.org\\\/#\\\/schema\\\/person\\\/c055d26fd0c0ef7284a434fb3a01c681\"},\"headline\":\"Pol\u00edticas de Educa\u00e7\u00e3o de Adultos em Portugal: uma perspectiva de empoderamento humano ou crescimento econ\u00f3mico?\",\"datePublished\":\"2020-06-02T15:24:56+00:00\",\"dateModified\":\"2020-06-02T15:29:54+00:00\",\"mainEntityOfPage\":{\"@id\":\"https:\\\/\\\/rightchallenge.org\\\/politicas-de-educacao-de-adultos-em-portugal-uma-perspectiva-de-empoderamento-humano-ou-crescimento-economico\\\/\"},\"wordCount\":355,\"commentCount\":0,\"image\":{\"@id\":\"https:\\\/\\\/rightchallenge.org\\\/politicas-de-educacao-de-adultos-em-portugal-uma-perspectiva-de-empoderamento-humano-ou-crescimento-economico\\\/#primaryimage\"},\"thumbnailUrl\":\"https:\\\/\\\/rightchallenge.org\\\/wp-content\\\/uploads\\\/2020\\\/06\\\/priscilla-du-preez-XkKCui44iM0-unsplash-scaled.jpg\",\"articleSection\":[\"Educa\u00e7\u00e3o de Adultos\"],\"inLanguage\":\"en-GB\",\"potentialAction\":[{\"@type\":\"CommentAction\",\"name\":\"Comment\",\"target\":[\"https:\\\/\\\/rightchallenge.org\\\/politicas-de-educacao-de-adultos-em-portugal-uma-perspectiva-de-empoderamento-humano-ou-crescimento-economico\\\/#respond\"]}]},{\"@type\":\"WebPage\",\"@id\":\"https:\\\/\\\/rightchallenge.org\\\/politicas-de-educacao-de-adultos-em-portugal-uma-perspectiva-de-empoderamento-humano-ou-crescimento-economico\\\/\",\"url\":\"https:\\\/\\\/rightchallenge.org\\\/politicas-de-educacao-de-adultos-em-portugal-uma-perspectiva-de-empoderamento-humano-ou-crescimento-economico\\\/\",\"name\":\"Pol\u00edticas de Educa\u00e7\u00e3o de Adultos em Portugal: uma perspectiva de empoderamento humano ou crescimento econ\u00f3mico? - Rightchallenge\",\"isPartOf\":{\"@id\":\"https:\\\/\\\/rightchallenge.org\\\/#website\"},\"primaryImageOfPage\":{\"@id\":\"https:\\\/\\\/rightchallenge.org\\\/politicas-de-educacao-de-adultos-em-portugal-uma-perspectiva-de-empoderamento-humano-ou-crescimento-economico\\\/#primaryimage\"},\"image\":{\"@id\":\"https:\\\/\\\/rightchallenge.org\\\/politicas-de-educacao-de-adultos-em-portugal-uma-perspectiva-de-empoderamento-humano-ou-crescimento-economico\\\/#primaryimage\"},\"thumbnailUrl\":\"https:\\\/\\\/rightchallenge.org\\\/wp-content\\\/uploads\\\/2020\\\/06\\\/priscilla-du-preez-XkKCui44iM0-unsplash-scaled.jpg\",\"datePublished\":\"2020-06-02T15:24:56+00:00\",\"dateModified\":\"2020-06-02T15:29:54+00:00\",\"author\":{\"@id\":\"https:\\\/\\\/rightchallenge.org\\\/#\\\/schema\\\/person\\\/c055d26fd0c0ef7284a434fb3a01c681\"},\"breadcrumb\":{\"@id\":\"https:\\\/\\\/rightchallenge.org\\\/politicas-de-educacao-de-adultos-em-portugal-uma-perspectiva-de-empoderamento-humano-ou-crescimento-economico\\\/#breadcrumb\"},\"inLanguage\":\"en-GB\",\"potentialAction\":[{\"@type\":\"ReadAction\",\"target\":[\"https:\\\/\\\/rightchallenge.org\\\/politicas-de-educacao-de-adultos-em-portugal-uma-perspectiva-de-empoderamento-humano-ou-crescimento-economico\\\/\"]}]},{\"@type\":\"ImageObject\",\"inLanguage\":\"en-GB\",\"@id\":\"https:\\\/\\\/rightchallenge.org\\\/politicas-de-educacao-de-adultos-em-portugal-uma-perspectiva-de-empoderamento-humano-ou-crescimento-economico\\\/#primaryimage\",\"url\":\"https:\\\/\\\/rightchallenge.org\\\/wp-content\\\/uploads\\\/2020\\\/06\\\/priscilla-du-preez-XkKCui44iM0-unsplash-scaled.jpg\",\"contentUrl\":\"https:\\\/\\\/rightchallenge.org\\\/wp-content\\\/uploads\\\/2020\\\/06\\\/priscilla-du-preez-XkKCui44iM0-unsplash-scaled.jpg\",\"width\":2560,\"height\":1707},{\"@type\":\"BreadcrumbList\",\"@id\":\"https:\\\/\\\/rightchallenge.org\\\/politicas-de-educacao-de-adultos-em-portugal-uma-perspectiva-de-empoderamento-humano-ou-crescimento-economico\\\/#breadcrumb\",\"itemListElement\":[{\"@type\":\"ListItem\",\"position\":1,\"name\":\"In\u00edcio\",\"item\":\"https:\\\/\\\/rightchallenge.org\\\/\"},{\"@type\":\"ListItem\",\"position\":2,\"name\":\"Pol\u00edticas de Educa\u00e7\u00e3o de Adultos em Portugal: uma perspectiva de empoderamento humano ou crescimento econ\u00f3mico?\"}]},{\"@type\":\"WebSite\",\"@id\":\"https:\\\/\\\/rightchallenge.org\\\/#website\",\"url\":\"https:\\\/\\\/rightchallenge.org\\\/\",\"name\":\"Rightchallenge\",\"description\":\"Associa\u00e7\u00e3o\",\"potentialAction\":[{\"@type\":\"SearchAction\",\"target\":{\"@type\":\"EntryPoint\",\"urlTemplate\":\"https:\\\/\\\/rightchallenge.org\\\/?s={search_term_string}\"},\"query-input\":{\"@type\":\"PropertyValueSpecification\",\"valueRequired\":true,\"valueName\":\"search_term_string\"}}],\"inLanguage\":\"en-GB\"},{\"@type\":\"Person\",\"@id\":\"https:\\\/\\\/rightchallenge.org\\\/#\\\/schema\\\/person\\\/c055d26fd0c0ef7284a434fb3a01c681\",\"name\":\"Righchallenge\",\"image\":{\"@type\":\"ImageObject\",\"inLanguage\":\"en-GB\",\"@id\":\"https:\\\/\\\/secure.gravatar.com\\\/avatar\\\/316d2bd1788dea98bad763ddecdc72ea95bec82b19fb3ac81a73e8626d8c1b14?s=96&d=mm&r=g\",\"url\":\"https:\\\/\\\/secure.gravatar.com\\\/avatar\\\/316d2bd1788dea98bad763ddecdc72ea95bec82b19fb3ac81a73e8626d8c1b14?s=96&d=mm&r=g\",\"contentUrl\":\"https:\\\/\\\/secure.gravatar.com\\\/avatar\\\/316d2bd1788dea98bad763ddecdc72ea95bec82b19fb3ac81a73e8626d8c1b14?s=96&d=mm&r=g\",\"caption\":\"Righchallenge\"},\"url\":\"https:\\\/\\\/rightchallenge.org\\\/en\\\/author\\\/rca\\\/\"}]}<\/script>\n<!-- \/ Yoast SEO plugin. -->","yoast_head_json":{"title":"Pol\u00edticas de Educa\u00e7\u00e3o de Adultos em Portugal: uma perspectiva de empoderamento humano ou crescimento econ\u00f3mico? - Rightchallenge","robots":{"index":"index","follow":"follow","max-snippet":"max-snippet:-1","max-image-preview":"max-image-preview:large","max-video-preview":"max-video-preview:-1"},"canonical":"https:\/\/rightchallenge.org\/en\/politicas-de-educacao-de-adultos-em-portugal-uma-perspectiva-de-empoderamento-humano-ou-crescimento-economico\/","og_locale":"en_GB","og_type":"article","og_title":"Pol\u00edticas de Educa\u00e7\u00e3o de Adultos em Portugal: uma perspectiva de empoderamento humano ou crescimento econ\u00f3mico? - Rightchallenge","og_description":"De acordo com a Recomenda\u00e7\u00e3o Portuguesa das Pol\u00edticas P\u00fablicas de Educa\u00e7\u00e3o e Forma\u00e7\u00e3o de Adultos, todo o processo de educa\u00e7\u00e3o de adultos deve centrar-se nos indiv\u00edduos, que devem apropriar-se do seu pr\u00f3prio itiner\u00e1rio formativo e reflectir sobre as suas pr\u00f3prias pr\u00e1ticas, mas tamb\u00e9m tendo em conta as rela\u00e7\u00f5es que estabelecem com os outros. Contudo, este [&hellip;]","og_url":"https:\/\/rightchallenge.org\/en\/politicas-de-educacao-de-adultos-em-portugal-uma-perspectiva-de-empoderamento-humano-ou-crescimento-economico\/","og_site_name":"Rightchallenge","article_published_time":"2020-06-02T15:24:56+00:00","article_modified_time":"2020-06-02T15:29:54+00:00","og_image":[{"width":2560,"height":1707,"url":"https:\/\/rightchallenge.org\/wp-content\/uploads\/2020\/06\/priscilla-du-preez-XkKCui44iM0-unsplash-scaled.jpg","type":"image\/jpeg"}],"author":"Righchallenge","twitter_card":"summary_large_image","twitter_misc":{"Written by":"Righchallenge","Estimated reading time":"2 minutes"},"schema":{"@context":"https:\/\/schema.org","@graph":[{"@type":"Article","@id":"https:\/\/rightchallenge.org\/politicas-de-educacao-de-adultos-em-portugal-uma-perspectiva-de-empoderamento-humano-ou-crescimento-economico\/#article","isPartOf":{"@id":"https:\/\/rightchallenge.org\/politicas-de-educacao-de-adultos-em-portugal-uma-perspectiva-de-empoderamento-humano-ou-crescimento-economico\/"},"author":{"name":"Righchallenge","@id":"https:\/\/rightchallenge.org\/#\/schema\/person\/c055d26fd0c0ef7284a434fb3a01c681"},"headline":"Pol\u00edticas de Educa\u00e7\u00e3o de Adultos em Portugal: uma perspectiva de empoderamento humano ou crescimento econ\u00f3mico?","datePublished":"2020-06-02T15:24:56+00:00","dateModified":"2020-06-02T15:29:54+00:00","mainEntityOfPage":{"@id":"https:\/\/rightchallenge.org\/politicas-de-educacao-de-adultos-em-portugal-uma-perspectiva-de-empoderamento-humano-ou-crescimento-economico\/"},"wordCount":355,"commentCount":0,"image":{"@id":"https:\/\/rightchallenge.org\/politicas-de-educacao-de-adultos-em-portugal-uma-perspectiva-de-empoderamento-humano-ou-crescimento-economico\/#primaryimage"},"thumbnailUrl":"https:\/\/rightchallenge.org\/wp-content\/uploads\/2020\/06\/priscilla-du-preez-XkKCui44iM0-unsplash-scaled.jpg","articleSection":["Educa\u00e7\u00e3o de Adultos"],"inLanguage":"en-GB","potentialAction":[{"@type":"CommentAction","name":"Comment","target":["https:\/\/rightchallenge.org\/politicas-de-educacao-de-adultos-em-portugal-uma-perspectiva-de-empoderamento-humano-ou-crescimento-economico\/#respond"]}]},{"@type":"WebPage","@id":"https:\/\/rightchallenge.org\/politicas-de-educacao-de-adultos-em-portugal-uma-perspectiva-de-empoderamento-humano-ou-crescimento-economico\/","url":"https:\/\/rightchallenge.org\/politicas-de-educacao-de-adultos-em-portugal-uma-perspectiva-de-empoderamento-humano-ou-crescimento-economico\/","name":"Pol\u00edticas de Educa\u00e7\u00e3o de Adultos em Portugal: uma perspectiva de empoderamento humano ou crescimento econ\u00f3mico? - Rightchallenge","isPartOf":{"@id":"https:\/\/rightchallenge.org\/#website"},"primaryImageOfPage":{"@id":"https:\/\/rightchallenge.org\/politicas-de-educacao-de-adultos-em-portugal-uma-perspectiva-de-empoderamento-humano-ou-crescimento-economico\/#primaryimage"},"image":{"@id":"https:\/\/rightchallenge.org\/politicas-de-educacao-de-adultos-em-portugal-uma-perspectiva-de-empoderamento-humano-ou-crescimento-economico\/#primaryimage"},"thumbnailUrl":"https:\/\/rightchallenge.org\/wp-content\/uploads\/2020\/06\/priscilla-du-preez-XkKCui44iM0-unsplash-scaled.jpg","datePublished":"2020-06-02T15:24:56+00:00","dateModified":"2020-06-02T15:29:54+00:00","author":{"@id":"https:\/\/rightchallenge.org\/#\/schema\/person\/c055d26fd0c0ef7284a434fb3a01c681"},"breadcrumb":{"@id":"https:\/\/rightchallenge.org\/politicas-de-educacao-de-adultos-em-portugal-uma-perspectiva-de-empoderamento-humano-ou-crescimento-economico\/#breadcrumb"},"inLanguage":"en-GB","potentialAction":[{"@type":"ReadAction","target":["https:\/\/rightchallenge.org\/politicas-de-educacao-de-adultos-em-portugal-uma-perspectiva-de-empoderamento-humano-ou-crescimento-economico\/"]}]},{"@type":"ImageObject","inLanguage":"en-GB","@id":"https:\/\/rightchallenge.org\/politicas-de-educacao-de-adultos-em-portugal-uma-perspectiva-de-empoderamento-humano-ou-crescimento-economico\/#primaryimage","url":"https:\/\/rightchallenge.org\/wp-content\/uploads\/2020\/06\/priscilla-du-preez-XkKCui44iM0-unsplash-scaled.jpg","contentUrl":"https:\/\/rightchallenge.org\/wp-content\/uploads\/2020\/06\/priscilla-du-preez-XkKCui44iM0-unsplash-scaled.jpg","width":2560,"height":1707},{"@type":"BreadcrumbList","@id":"https:\/\/rightchallenge.org\/politicas-de-educacao-de-adultos-em-portugal-uma-perspectiva-de-empoderamento-humano-ou-crescimento-economico\/#breadcrumb","itemListElement":[{"@type":"ListItem","position":1,"name":"In\u00edcio","item":"https:\/\/rightchallenge.org\/"},{"@type":"ListItem","position":2,"name":"Pol\u00edticas de Educa\u00e7\u00e3o de Adultos em Portugal: uma perspectiva de empoderamento humano ou crescimento econ\u00f3mico?"}]},{"@type":"WebSite","@id":"https:\/\/rightchallenge.org\/#website","url":"https:\/\/rightchallenge.org\/","name":"Rightchallenge","description":"Associa\u00e7\u00e3o","potentialAction":[{"@type":"SearchAction","target":{"@type":"EntryPoint","urlTemplate":"https:\/\/rightchallenge.org\/?s={search_term_string}"},"query-input":{"@type":"PropertyValueSpecification","valueRequired":true,"valueName":"search_term_string"}}],"inLanguage":"en-GB"},{"@type":"Person","@id":"https:\/\/rightchallenge.org\/#\/schema\/person\/c055d26fd0c0ef7284a434fb3a01c681","name":"Righchallenge","image":{"@type":"ImageObject","inLanguage":"en-GB","@id":"https:\/\/secure.gravatar.com\/avatar\/316d2bd1788dea98bad763ddecdc72ea95bec82b19fb3ac81a73e8626d8c1b14?s=96&d=mm&r=g","url":"https:\/\/secure.gravatar.com\/avatar\/316d2bd1788dea98bad763ddecdc72ea95bec82b19fb3ac81a73e8626d8c1b14?s=96&d=mm&r=g","contentUrl":"https:\/\/secure.gravatar.com\/avatar\/316d2bd1788dea98bad763ddecdc72ea95bec82b19fb3ac81a73e8626d8c1b14?s=96&d=mm&r=g","caption":"Righchallenge"},"url":"https:\/\/rightchallenge.org\/en\/author\/rca\/"}]}},"_links":{"self":[{"href":"https:\/\/rightchallenge.org\/en\/wp-json\/wp\/v2\/posts\/419","targetHints":{"allow":["GET"]}}],"collection":[{"href":"https:\/\/rightchallenge.org\/en\/wp-json\/wp\/v2\/posts"}],"about":[{"href":"https:\/\/rightchallenge.org\/en\/wp-json\/wp\/v2\/types\/post"}],"author":[{"embeddable":true,"href":"https:\/\/rightchallenge.org\/en\/wp-json\/wp\/v2\/users\/2"}],"replies":[{"embeddable":true,"href":"https:\/\/rightchallenge.org\/en\/wp-json\/wp\/v2\/comments?post=419"}],"version-history":[{"count":6,"href":"https:\/\/rightchallenge.org\/en\/wp-json\/wp\/v2\/posts\/419\/revisions"}],"predecessor-version":[{"id":443,"href":"https:\/\/rightchallenge.org\/en\/wp-json\/wp\/v2\/posts\/419\/revisions\/443"}],"wp:featuredmedia":[{"embeddable":true,"href":"https:\/\/rightchallenge.org\/en\/wp-json\/wp\/v2\/media\/425"}],"wp:attachment":[{"href":"https:\/\/rightchallenge.org\/en\/wp-json\/wp\/v2\/media?parent=419"}],"wp:term":[{"taxonomy":"category","embeddable":true,"href":"https:\/\/rightchallenge.org\/en\/wp-json\/wp\/v2\/categories?post=419"},{"taxonomy":"post_tag","embeddable":true,"href":"https:\/\/rightchallenge.org\/en\/wp-json\/wp\/v2\/tags?post=419"}],"curies":[{"name":"wp","href":"https:\/\/api.w.org\/{rel}","templated":true}]}}