{"id":3365,"date":"2023-08-04T14:54:55","date_gmt":"2023-08-04T13:54:55","guid":{"rendered":"https:\/\/rightchallenge.org\/?p=3365"},"modified":"2023-08-09T14:59:44","modified_gmt":"2023-08-09T13:59:44","slug":"care-connect-to-nature-conferencia-empreendedorismo-sustentavel","status":"publish","type":"post","link":"https:\/\/rightchallenge.org\/en\/care-connect-to-nature-conferencia-empreendedorismo-sustentavel\/","title":{"rendered":"CARE &#8211; Connect to Nature: CONFER\u00caNCIA EMPREENDEDORISMO SUSTENT\u00c1VEL"},"content":{"rendered":"\n[et_pb_section fb_built=&#8221;1&#8243; _builder_version=&#8221;4.20.4&#8243; _module_preset=&#8221;default&#8221; custom_padding=&#8221;||0px|||&#8221; global_colors_info=&#8221;{}&#8221;][et_pb_row _builder_version=&#8221;4.20.4&#8243; _module_preset=&#8221;default&#8221; global_colors_info=&#8221;{}&#8221;][et_pb_column type=&#8221;4_4&#8243; _builder_version=&#8221;4.20.4&#8243; _module_preset=&#8221;default&#8221; global_colors_info=&#8221;{}&#8221;][et_pb_text _builder_version=&#8221;4.21.0&#8243; _module_preset=&#8221;default&#8221; custom_margin=&#8221;-60px|||||&#8221; custom_padding=&#8221;10px||16px|||&#8221; global_colors_info=&#8221;{}&#8221;]<p>&nbsp;<\/p>\n<p>O Projeto CARE \u2013 Connect to Nature, desde 2021 t\u00eam vindo a organizar diferentes atividades e forma\u00e7\u00f5es para a concretiza\u00e7\u00e3o da miss\u00e3o conjunta de promover a cidadania ativa e o est\u00edmulo do empreendedorismo sustent\u00e1vel em jovens. Pretende desenvolver a sua literacia ecol\u00f3gica, a sua independ\u00eancia e criatividade empreendedora assim como criar recursos para aumentar a conscientiza\u00e7\u00e3o para tem\u00e1ticas relacionadas com sustentabilidade e economia circular, sendo o resultado do trabalho conjunto de seis pa\u00edses europeus, nomeadamente Portugal, Eslov\u00e9nia, Espanha, It\u00e1lia, \u00c1ustria e Turquia.<\/p>\n<p>\u00a0A RightChallenge tem o prazer de anunciar o evento final deste Projeto \u2013 A <strong>Confer\u00eancia Empreendorismo Sustent\u00e1vel<\/strong>!<\/p>\n<p>Esta confer\u00eancia ser\u00e1 coorganizada pela RightChallenge e pela Porto Business School, e ter\u00e1 lugar no dia <strong>20 de outubro, entre as 10h00 e as 17h00<\/strong>,\u00a0 no Audit\u00f3rio Sonae da Porto Business School (Av. Fabril do Norte 425, 4460-314 Sra. da Hora).<\/p>\n<p>O evento\u00a0 ir\u00e1 juntar especialistas de sustentabilidade, representantes de marcas da \u00e1rea do empreendedorismo sustent\u00e1vel e jovens com interesse nos temas de sustentabilidade e preserva\u00e7\u00e3o do meio-ambiente.\u00a0<\/p>\n<p>\u00a0A participa\u00e7\u00e3o no evento \u00e9 gratuita, mas implica inscri\u00e7\u00e3o atrav\u00e9s deste <a href=\"https:\/\/docs.google.com\/forms\/d\/e\/1FAIpQLSdw_UBtF3fYwNYT4bcnC13PZc0f1Jc7vk-Pb1Ju0pPMMzBU8Q\/viewform?usp=sf_link\">Link<\/a> para emiss\u00e3o de certificados de participa\u00e7\u00e3o digitais.<\/p>\n<p>Comprometa-se com esta mudan\u00e7a! Vamos contribuir para o desenvolvimento de uma Europa mais sustent\u00e1vel!<\/p>[\/et_pb_text][\/et_pb_column][\/et_pb_row][\/et_pb_section][et_pb_section fb_built=&#8221;1&#8243; theme_builder_area=&#8221;post_content&#8221; _builder_version=&#8221;4.21.2&#8243; _module_preset=&#8221;default&#8221; custom_padding=&#8221;0px|||||&#8221;][et_pb_row _builder_version=&#8221;4.21.2&#8243; _module_preset=&#8221;default&#8221; theme_builder_area=&#8221;post_content&#8221; min_height=&#8221;993px&#8221;][et_pb_column _builder_version=&#8221;4.21.2&#8243; _module_preset=&#8221;default&#8221; theme_builder_area=&#8221;post_content&#8221; type=&#8221;4_4&#8243;][et_pb_image src=&#8221;https:\/\/rightchallenge.org\/wp-content\/uploads\/2023\/08\/CARE-Conferencia-Empreendedorismo-Sustentavel_FINAL-do-Final-2-1.png&#8221; _builder_version=&#8221;4.21.2&#8243; _module_preset=&#8221;default&#8221; theme_builder_area=&#8221;post_content&#8221; hover_enabled=&#8221;0&#8243; sticky_enabled=&#8221;0&#8243;][\/et_pb_image][\/et_pb_column][\/et_pb_row][\/et_pb_section]\n","protected":false},"excerpt":{"rendered":"<p>&nbsp; O Projeto CARE \u2013 Connect to Nature, desde 2021 t\u00eam vindo a organizar diferentes atividades e forma\u00e7\u00f5es para a concretiza\u00e7\u00e3o da miss\u00e3o conjunta de promover a cidadania ativa e o est\u00edmulo do empreendedorismo sustent\u00e1vel em jovens. Pretende desenvolver a sua literacia ecol\u00f3gica, a sua independ\u00eancia e criatividade empreendedora assim como criar recursos para aumentar [&hellip;]<\/p>\n","protected":false},"author":2,"featured_media":0,"comment_status":"open","ping_status":"closed","sticky":false,"template":"","format":"standard","meta":{"_et_pb_use_builder":"on","_et_pb_old_content":"","_et_gb_content_width":"","_monsterinsights_skip_tracking":false,"_monsterinsights_sitenote_active":false,"_monsterinsights_sitenote_note":"","_monsterinsights_sitenote_category":0,"footnotes":""},"categories":[1],"tags":[],"class_list":["post-3365","post","type-post","status-publish","format-standard","hentry","category-sem-categoria"],"yoast_head":"<!-- This site is optimized with the Yoast SEO plugin v27.5 - https:\/\/yoast.com\/product\/yoast-seo-wordpress\/ -->\n<title>CARE - Connect to Nature: CONFER\u00caNCIA EMPREENDEDORISMO SUSTENT\u00c1VEL - Rightchallenge<\/title>\n<meta name=\"robots\" content=\"index, follow, max-snippet:-1, max-image-preview:large, max-video-preview:-1\" \/>\n<link rel=\"canonical\" href=\"https:\/\/rightchallenge.org\/en\/care-connect-to-nature-conferencia-empreendedorismo-sustentavel\/\" \/>\n<meta property=\"og:locale\" content=\"en_GB\" \/>\n<meta property=\"og:type\" content=\"article\" \/>\n<meta property=\"og:title\" content=\"CARE - Connect to Nature: CONFER\u00caNCIA EMPREENDEDORISMO SUSTENT\u00c1VEL - Rightchallenge\" \/>\n<meta property=\"og:description\" content=\"&nbsp; O Projeto CARE \u2013 Connect to Nature, desde 2021 t\u00eam vindo a organizar diferentes atividades e forma\u00e7\u00f5es para a concretiza\u00e7\u00e3o da miss\u00e3o conjunta de promover a cidadania ativa e o est\u00edmulo do empreendedorismo sustent\u00e1vel em jovens. Pretende desenvolver a sua literacia ecol\u00f3gica, a sua independ\u00eancia e criatividade empreendedora assim como criar recursos para aumentar [&hellip;]\" \/>\n<meta property=\"og:url\" content=\"https:\/\/rightchallenge.org\/en\/care-connect-to-nature-conferencia-empreendedorismo-sustentavel\/\" \/>\n<meta property=\"og:site_name\" content=\"Rightchallenge\" \/>\n<meta property=\"article:published_time\" content=\"2023-08-04T13:54:55+00:00\" \/>\n<meta property=\"article:modified_time\" content=\"2023-08-09T13:59:44+00:00\" \/>\n<meta name=\"author\" content=\"Righchallenge\" \/>\n<meta name=\"twitter:card\" content=\"summary_large_image\" \/>\n<meta name=\"twitter:label1\" content=\"Written by\" \/>\n\t<meta name=\"twitter:data1\" content=\"Righchallenge\" \/>\n\t<meta name=\"twitter:label2\" content=\"Estimated reading time\" \/>\n\t<meta name=\"twitter:data2\" content=\"2 minutes\" \/>\n<script type=\"application\/ld+json\" class=\"yoast-schema-graph\">{\"@context\":\"https:\\\/\\\/schema.org\",\"@graph\":[{\"@type\":\"Article\",\"@id\":\"https:\\\/\\\/rightchallenge.org\\\/care-connect-to-nature-conferencia-empreendedorismo-sustentavel\\\/#article\",\"isPartOf\":{\"@id\":\"https:\\\/\\\/rightchallenge.org\\\/care-connect-to-nature-conferencia-empreendedorismo-sustentavel\\\/\"},\"author\":{\"name\":\"Righchallenge\",\"@id\":\"https:\\\/\\\/rightchallenge.org\\\/#\\\/schema\\\/person\\\/c055d26fd0c0ef7284a434fb3a01c681\"},\"headline\":\"CARE &#8211; Connect to Nature: CONFER\u00caNCIA EMPREENDEDORISMO SUSTENT\u00c1VEL\",\"datePublished\":\"2023-08-04T13:54:55+00:00\",\"dateModified\":\"2023-08-09T13:59:44+00:00\",\"mainEntityOfPage\":{\"@id\":\"https:\\\/\\\/rightchallenge.org\\\/care-connect-to-nature-conferencia-empreendedorismo-sustentavel\\\/\"},\"wordCount\":388,\"commentCount\":0,\"articleSection\":[\"Sem categoria\"],\"inLanguage\":\"en-GB\",\"potentialAction\":[{\"@type\":\"CommentAction\",\"name\":\"Comment\",\"target\":[\"https:\\\/\\\/rightchallenge.org\\\/care-connect-to-nature-conferencia-empreendedorismo-sustentavel\\\/#respond\"]}]},{\"@type\":\"WebPage\",\"@id\":\"https:\\\/\\\/rightchallenge.org\\\/care-connect-to-nature-conferencia-empreendedorismo-sustentavel\\\/\",\"url\":\"https:\\\/\\\/rightchallenge.org\\\/care-connect-to-nature-conferencia-empreendedorismo-sustentavel\\\/\",\"name\":\"CARE - Connect to Nature: CONFER\u00caNCIA EMPREENDEDORISMO SUSTENT\u00c1VEL - Rightchallenge\",\"isPartOf\":{\"@id\":\"https:\\\/\\\/rightchallenge.org\\\/#website\"},\"datePublished\":\"2023-08-04T13:54:55+00:00\",\"dateModified\":\"2023-08-09T13:59:44+00:00\",\"author\":{\"@id\":\"https:\\\/\\\/rightchallenge.org\\\/#\\\/schema\\\/person\\\/c055d26fd0c0ef7284a434fb3a01c681\"},\"breadcrumb\":{\"@id\":\"https:\\\/\\\/rightchallenge.org\\\/care-connect-to-nature-conferencia-empreendedorismo-sustentavel\\\/#breadcrumb\"},\"inLanguage\":\"en-GB\",\"potentialAction\":[{\"@type\":\"ReadAction\",\"target\":[\"https:\\\/\\\/rightchallenge.org\\\/care-connect-to-nature-conferencia-empreendedorismo-sustentavel\\\/\"]}]},{\"@type\":\"BreadcrumbList\",\"@id\":\"https:\\\/\\\/rightchallenge.org\\\/care-connect-to-nature-conferencia-empreendedorismo-sustentavel\\\/#breadcrumb\",\"itemListElement\":[{\"@type\":\"ListItem\",\"position\":1,\"name\":\"In\u00edcio\",\"item\":\"https:\\\/\\\/rightchallenge.org\\\/\"},{\"@type\":\"ListItem\",\"position\":2,\"name\":\"CARE &#8211; Connect to Nature: CONFER\u00caNCIA EMPREENDEDORISMO SUSTENT\u00c1VEL\"}]},{\"@type\":\"WebSite\",\"@id\":\"https:\\\/\\\/rightchallenge.org\\\/#website\",\"url\":\"https:\\\/\\\/rightchallenge.org\\\/\",\"name\":\"Rightchallenge\",\"description\":\"Associa\u00e7\u00e3o\",\"potentialAction\":[{\"@type\":\"SearchAction\",\"target\":{\"@type\":\"EntryPoint\",\"urlTemplate\":\"https:\\\/\\\/rightchallenge.org\\\/?s={search_term_string}\"},\"query-input\":{\"@type\":\"PropertyValueSpecification\",\"valueRequired\":true,\"valueName\":\"search_term_string\"}}],\"inLanguage\":\"en-GB\"},{\"@type\":\"Person\",\"@id\":\"https:\\\/\\\/rightchallenge.org\\\/#\\\/schema\\\/person\\\/c055d26fd0c0ef7284a434fb3a01c681\",\"name\":\"Righchallenge\",\"image\":{\"@type\":\"ImageObject\",\"inLanguage\":\"en-GB\",\"@id\":\"https:\\\/\\\/secure.gravatar.com\\\/avatar\\\/316d2bd1788dea98bad763ddecdc72ea95bec82b19fb3ac81a73e8626d8c1b14?s=96&d=mm&r=g\",\"url\":\"https:\\\/\\\/secure.gravatar.com\\\/avatar\\\/316d2bd1788dea98bad763ddecdc72ea95bec82b19fb3ac81a73e8626d8c1b14?s=96&d=mm&r=g\",\"contentUrl\":\"https:\\\/\\\/secure.gravatar.com\\\/avatar\\\/316d2bd1788dea98bad763ddecdc72ea95bec82b19fb3ac81a73e8626d8c1b14?s=96&d=mm&r=g\",\"caption\":\"Righchallenge\"},\"url\":\"https:\\\/\\\/rightchallenge.org\\\/en\\\/author\\\/rca\\\/\"}]}<\/script>\n<!-- \/ Yoast SEO plugin. -->","yoast_head_json":{"title":"CARE - Connect to Nature: CONFER\u00caNCIA EMPREENDEDORISMO SUSTENT\u00c1VEL - Rightchallenge","robots":{"index":"index","follow":"follow","max-snippet":"max-snippet:-1","max-image-preview":"max-image-preview:large","max-video-preview":"max-video-preview:-1"},"canonical":"https:\/\/rightchallenge.org\/en\/care-connect-to-nature-conferencia-empreendedorismo-sustentavel\/","og_locale":"en_GB","og_type":"article","og_title":"CARE - Connect to Nature: CONFER\u00caNCIA EMPREENDEDORISMO SUSTENT\u00c1VEL - Rightchallenge","og_description":"&nbsp; O Projeto CARE \u2013 Connect to Nature, desde 2021 t\u00eam vindo a organizar diferentes atividades e forma\u00e7\u00f5es para a concretiza\u00e7\u00e3o da miss\u00e3o conjunta de promover a cidadania ativa e o est\u00edmulo do empreendedorismo sustent\u00e1vel em jovens. Pretende desenvolver a sua literacia ecol\u00f3gica, a sua independ\u00eancia e criatividade empreendedora assim como criar recursos para aumentar [&hellip;]","og_url":"https:\/\/rightchallenge.org\/en\/care-connect-to-nature-conferencia-empreendedorismo-sustentavel\/","og_site_name":"Rightchallenge","article_published_time":"2023-08-04T13:54:55+00:00","article_modified_time":"2023-08-09T13:59:44+00:00","author":"Righchallenge","twitter_card":"summary_large_image","twitter_misc":{"Written by":"Righchallenge","Estimated reading time":"2 minutes"},"schema":{"@context":"https:\/\/schema.org","@graph":[{"@type":"Article","@id":"https:\/\/rightchallenge.org\/care-connect-to-nature-conferencia-empreendedorismo-sustentavel\/#article","isPartOf":{"@id":"https:\/\/rightchallenge.org\/care-connect-to-nature-conferencia-empreendedorismo-sustentavel\/"},"author":{"name":"Righchallenge","@id":"https:\/\/rightchallenge.org\/#\/schema\/person\/c055d26fd0c0ef7284a434fb3a01c681"},"headline":"CARE &#8211; Connect to Nature: CONFER\u00caNCIA EMPREENDEDORISMO SUSTENT\u00c1VEL","datePublished":"2023-08-04T13:54:55+00:00","dateModified":"2023-08-09T13:59:44+00:00","mainEntityOfPage":{"@id":"https:\/\/rightchallenge.org\/care-connect-to-nature-conferencia-empreendedorismo-sustentavel\/"},"wordCount":388,"commentCount":0,"articleSection":["Sem categoria"],"inLanguage":"en-GB","potentialAction":[{"@type":"CommentAction","name":"Comment","target":["https:\/\/rightchallenge.org\/care-connect-to-nature-conferencia-empreendedorismo-sustentavel\/#respond"]}]},{"@type":"WebPage","@id":"https:\/\/rightchallenge.org\/care-connect-to-nature-conferencia-empreendedorismo-sustentavel\/","url":"https:\/\/rightchallenge.org\/care-connect-to-nature-conferencia-empreendedorismo-sustentavel\/","name":"CARE - Connect to Nature: CONFER\u00caNCIA EMPREENDEDORISMO SUSTENT\u00c1VEL - Rightchallenge","isPartOf":{"@id":"https:\/\/rightchallenge.org\/#website"},"datePublished":"2023-08-04T13:54:55+00:00","dateModified":"2023-08-09T13:59:44+00:00","author":{"@id":"https:\/\/rightchallenge.org\/#\/schema\/person\/c055d26fd0c0ef7284a434fb3a01c681"},"breadcrumb":{"@id":"https:\/\/rightchallenge.org\/care-connect-to-nature-conferencia-empreendedorismo-sustentavel\/#breadcrumb"},"inLanguage":"en-GB","potentialAction":[{"@type":"ReadAction","target":["https:\/\/rightchallenge.org\/care-connect-to-nature-conferencia-empreendedorismo-sustentavel\/"]}]},{"@type":"BreadcrumbList","@id":"https:\/\/rightchallenge.org\/care-connect-to-nature-conferencia-empreendedorismo-sustentavel\/#breadcrumb","itemListElement":[{"@type":"ListItem","position":1,"name":"In\u00edcio","item":"https:\/\/rightchallenge.org\/"},{"@type":"ListItem","position":2,"name":"CARE &#8211; Connect to Nature: CONFER\u00caNCIA EMPREENDEDORISMO SUSTENT\u00c1VEL"}]},{"@type":"WebSite","@id":"https:\/\/rightchallenge.org\/#website","url":"https:\/\/rightchallenge.org\/","name":"Rightchallenge","description":"Associa\u00e7\u00e3o","potentialAction":[{"@type":"SearchAction","target":{"@type":"EntryPoint","urlTemplate":"https:\/\/rightchallenge.org\/?s={search_term_string}"},"query-input":{"@type":"PropertyValueSpecification","valueRequired":true,"valueName":"search_term_string"}}],"inLanguage":"en-GB"},{"@type":"Person","@id":"https:\/\/rightchallenge.org\/#\/schema\/person\/c055d26fd0c0ef7284a434fb3a01c681","name":"Righchallenge","image":{"@type":"ImageObject","inLanguage":"en-GB","@id":"https:\/\/secure.gravatar.com\/avatar\/316d2bd1788dea98bad763ddecdc72ea95bec82b19fb3ac81a73e8626d8c1b14?s=96&d=mm&r=g","url":"https:\/\/secure.gravatar.com\/avatar\/316d2bd1788dea98bad763ddecdc72ea95bec82b19fb3ac81a73e8626d8c1b14?s=96&d=mm&r=g","contentUrl":"https:\/\/secure.gravatar.com\/avatar\/316d2bd1788dea98bad763ddecdc72ea95bec82b19fb3ac81a73e8626d8c1b14?s=96&d=mm&r=g","caption":"Righchallenge"},"url":"https:\/\/rightchallenge.org\/en\/author\/rca\/"}]}},"_links":{"self":[{"href":"https:\/\/rightchallenge.org\/en\/wp-json\/wp\/v2\/posts\/3365","targetHints":{"allow":["GET"]}}],"collection":[{"href":"https:\/\/rightchallenge.org\/en\/wp-json\/wp\/v2\/posts"}],"about":[{"href":"https:\/\/rightchallenge.org\/en\/wp-json\/wp\/v2\/types\/post"}],"author":[{"embeddable":true,"href":"https:\/\/rightchallenge.org\/en\/wp-json\/wp\/v2\/users\/2"}],"replies":[{"embeddable":true,"href":"https:\/\/rightchallenge.org\/en\/wp-json\/wp\/v2\/comments?post=3365"}],"version-history":[{"count":3,"href":"https:\/\/rightchallenge.org\/en\/wp-json\/wp\/v2\/posts\/3365\/revisions"}],"predecessor-version":[{"id":3373,"href":"https:\/\/rightchallenge.org\/en\/wp-json\/wp\/v2\/posts\/3365\/revisions\/3373"}],"wp:attachment":[{"href":"https:\/\/rightchallenge.org\/en\/wp-json\/wp\/v2\/media?parent=3365"}],"wp:term":[{"taxonomy":"category","embeddable":true,"href":"https:\/\/rightchallenge.org\/en\/wp-json\/wp\/v2\/categories?post=3365"},{"taxonomy":"post_tag","embeddable":true,"href":"https:\/\/rightchallenge.org\/en\/wp-json\/wp\/v2\/tags?post=3365"}],"curies":[{"name":"wp","href":"https:\/\/api.w.org\/{rel}","templated":true}]}}