{"id":1938,"date":"2021-07-27T17:42:00","date_gmt":"2021-07-27T16:42:00","guid":{"rendered":"https:\/\/rightchallenge.org\/?p=1938"},"modified":"2022-01-10T16:02:53","modified_gmt":"2022-01-10T15:02:53","slug":"acessibilidade-em-portugal-instituto-do-desenvolvimento","status":"publish","type":"post","link":"https:\/\/rightchallenge.org\/en\/acessibilidade-em-portugal-instituto-do-desenvolvimento\/","title":{"rendered":"Acessibilidade em Portugal: Instituto do Desenvolvimento"},"content":{"rendered":"<p>The <a href=\"https:\/\/www.institutododesenvolvimento.pt\/\" target=\"_blank\" rel=\"noreferrer noopener\">Instituto do Desenvolvimento<\/a>, localizado em Paredes, pretende intervir na \u00e1rea do desenvolvimento f\u00edsico e mental. Constitu\u00eddo por uma equipa de profissionais altamente qualificada, oferece uma grande variedade de servi\u00e7os:<\/p>\n\n\n\n<ul class=\"wp-block-list\"><li>Especialidades m\u00e9dicas: pediatria, psiquiatria, pedopsiquiatria, pediatria do neurodesenvolvimento, cl\u00ednica geral, ortopedia, neurologia, neurocirurgia, fisiatria;<\/li><li>Especialidades n\u00e3o m\u00e9dicas: psicologia, psicoterapia, neuropsicologia, neuropsicologia infantil, nutri\u00e7\u00e3o, audiologia, podologia, fisioterapia, terapia da fala, psicomotricidade, terapia ocupacional, apoio \u00e0 educa\u00e7\u00e3o inclusiva (educa\u00e7\u00e3o especial);<\/li><li>Terapias complementares: medicina tradicional chinesa, hidroterapia, pilates cl\u00ednico<\/li><li>Parcerias terap\u00eauticas: musicoterapia, arteterapia, terapia assistida por animais<\/li><li>Treinos intensivos: TID &#8211; Treino Intensivo para o Desenvolvimento, Dislexid-ID &#8211; Treino Intensivo na Dislexia, Modelo Intensivo para a Hiperatividade\/D\u00e9fice de Aten\u00e7\u00e3o<\/li><li>Terapias de relaxamento: interven\u00e7\u00e3o especializada em contexto snoezelen, din\u00e2mica corporal, massagens<\/li><li>SETE (Servi\u00e7o especializado em treino educativo)<\/li><li>Consultas especializadas: aconselhamento parental, hipnose cl\u00ednica, terapia EMDR, mindfulness, consulta especializada em situa\u00e7\u00f5es de div\u00f3rcio, consulta de depend\u00eancias, acompanhamento da defici\u00eancia intelectual e cognitiva, consulta das fobias, consulta das perturba\u00e7\u00f5es do sono, consulta da perturba\u00e7\u00e3o do espectro do autismo, consulta da PHDA, perturba\u00e7\u00f5es do comportamento e humor, consulta das dificuldades de aprendizagem, consulta da reabilita\u00e7\u00e3o motora, consulta das perturba\u00e7\u00f5es da comunica\u00e7\u00e3o, linguagem e fala<\/li><\/ul>\n\n\n\n<p><\/p>\n\n\n\n<figure class=\"wp-block-image size-full is-resized\"><img loading=\"lazy\" decoding=\"async\" src=\"https:\/\/rightchallenge.org\/wp-content\/uploads\/2022\/01\/image-3.png\" alt=\"\" class=\"wp-image-1939\" width=\"619\" height=\"412\" srcset=\"https:\/\/rightchallenge.org\/wp-content\/uploads\/2022\/01\/image-3.png 619w, https:\/\/rightchallenge.org\/wp-content\/uploads\/2022\/01\/image-3-480x319.png 480w\" sizes=\"(min-width: 0px) and (max-width: 480px) 480px, (min-width: 481px) 619px, 100vw\" \/><\/figure>\n\n\n\n<p>Contactos telef\u00f3nicos<\/p>\n\n\n\n<p>967 688 612<br>929 065 841<br>255 401 557<\/p>\n\n\n\n<p><\/p>\n\n\n\n<p>Mail<\/p>\n\n\n\n<p>geral@institutododesenvolvimento.pt<\/p>\n\n\n\n<p><\/p>\n\n\n\n<p>Onde estamos<\/p>\n\n\n\n<p>Rua da Estrebuela, n\u00ba 106<br>4580\u2013091 PAREDES<\/p>","protected":false},"excerpt":{"rendered":"<p>O Instituto do Desenvolvimento, localizado em Paredes, pretende intervir na \u00e1rea do desenvolvimento f\u00edsico e mental. Constitu\u00eddo por uma equipa de profissionais altamente qualificada, oferece uma grande variedade de servi\u00e7os: Especialidades m\u00e9dicas: pediatria, psiquiatria, pedopsiquiatria, pediatria do neurodesenvolvimento, cl\u00ednica geral, ortopedia, neurologia, neurocirurgia, fisiatria; Especialidades n\u00e3o m\u00e9dicas: psicologia, psicoterapia, neuropsicologia, neuropsicologia infantil, nutri\u00e7\u00e3o, audiologia, podologia, [&hellip;]<\/p>\n","protected":false},"author":2,"featured_media":0,"comment_status":"open","ping_status":"closed","sticky":false,"template":"","format":"standard","meta":{"_et_pb_use_builder":"off","_et_pb_old_content":"","_et_gb_content_width":"","_monsterinsights_skip_tracking":false,"_monsterinsights_sitenote_active":false,"_monsterinsights_sitenote_note":"","_monsterinsights_sitenote_category":0,"footnotes":""},"categories":[1],"tags":[],"class_list":["post-1938","post","type-post","status-publish","format-standard","hentry","category-sem-categoria"],"yoast_head":"<!-- This site is optimized with the Yoast SEO plugin v27.5 - https:\/\/yoast.com\/product\/yoast-seo-wordpress\/ -->\n<title>Acessibilidade em Portugal: Instituto do Desenvolvimento - Rightchallenge<\/title>\n<meta name=\"robots\" content=\"index, follow, max-snippet:-1, max-image-preview:large, max-video-preview:-1\" \/>\n<link rel=\"canonical\" href=\"https:\/\/rightchallenge.org\/en\/acessibilidade-em-portugal-instituto-do-desenvolvimento\/\" \/>\n<meta property=\"og:locale\" content=\"en_GB\" \/>\n<meta property=\"og:type\" content=\"article\" \/>\n<meta property=\"og:title\" content=\"Acessibilidade em Portugal: Instituto do Desenvolvimento - Rightchallenge\" \/>\n<meta property=\"og:description\" content=\"O Instituto do Desenvolvimento, localizado em Paredes, pretende intervir na \u00e1rea do desenvolvimento f\u00edsico e mental. Constitu\u00eddo por uma equipa de profissionais altamente qualificada, oferece uma grande variedade de servi\u00e7os: Especialidades m\u00e9dicas: pediatria, psiquiatria, pedopsiquiatria, pediatria do neurodesenvolvimento, cl\u00ednica geral, ortopedia, neurologia, neurocirurgia, fisiatria; Especialidades n\u00e3o m\u00e9dicas: psicologia, psicoterapia, neuropsicologia, neuropsicologia infantil, nutri\u00e7\u00e3o, audiologia, podologia, [&hellip;]\" \/>\n<meta property=\"og:url\" content=\"https:\/\/rightchallenge.org\/en\/acessibilidade-em-portugal-instituto-do-desenvolvimento\/\" \/>\n<meta property=\"og:site_name\" content=\"Rightchallenge\" \/>\n<meta property=\"article:published_time\" content=\"2021-07-27T16:42:00+00:00\" \/>\n<meta property=\"article:modified_time\" content=\"2022-01-10T15:02:53+00:00\" \/>\n<meta property=\"og:image\" content=\"https:\/\/rightchallenge.org\/wp-content\/uploads\/2022\/01\/image-3.png\" \/>\n<meta name=\"author\" content=\"Righchallenge\" \/>\n<meta name=\"twitter:card\" content=\"summary_large_image\" \/>\n<meta name=\"twitter:label1\" content=\"Written by\" \/>\n\t<meta name=\"twitter:data1\" content=\"Righchallenge\" \/>\n\t<meta name=\"twitter:label2\" content=\"Estimated reading time\" \/>\n\t<meta name=\"twitter:data2\" content=\"2 minutes\" \/>\n<script type=\"application\/ld+json\" class=\"yoast-schema-graph\">{\"@context\":\"https:\\\/\\\/schema.org\",\"@graph\":[{\"@type\":\"Article\",\"@id\":\"https:\\\/\\\/rightchallenge.org\\\/acessibilidade-em-portugal-instituto-do-desenvolvimento\\\/#article\",\"isPartOf\":{\"@id\":\"https:\\\/\\\/rightchallenge.org\\\/acessibilidade-em-portugal-instituto-do-desenvolvimento\\\/\"},\"author\":{\"name\":\"Righchallenge\",\"@id\":\"https:\\\/\\\/rightchallenge.org\\\/#\\\/schema\\\/person\\\/c055d26fd0c0ef7284a434fb3a01c681\"},\"headline\":\"Acessibilidade em Portugal: Instituto do Desenvolvimento\",\"datePublished\":\"2021-07-27T16:42:00+00:00\",\"dateModified\":\"2022-01-10T15:02:53+00:00\",\"mainEntityOfPage\":{\"@id\":\"https:\\\/\\\/rightchallenge.org\\\/acessibilidade-em-portugal-instituto-do-desenvolvimento\\\/\"},\"wordCount\":235,\"commentCount\":0,\"image\":{\"@id\":\"https:\\\/\\\/rightchallenge.org\\\/acessibilidade-em-portugal-instituto-do-desenvolvimento\\\/#primaryimage\"},\"thumbnailUrl\":\"https:\\\/\\\/rightchallenge.org\\\/wp-content\\\/uploads\\\/2022\\\/01\\\/image-3.png\",\"articleSection\":[\"Sem categoria\"],\"inLanguage\":\"en-GB\",\"potentialAction\":[{\"@type\":\"CommentAction\",\"name\":\"Comment\",\"target\":[\"https:\\\/\\\/rightchallenge.org\\\/acessibilidade-em-portugal-instituto-do-desenvolvimento\\\/#respond\"]}]},{\"@type\":\"WebPage\",\"@id\":\"https:\\\/\\\/rightchallenge.org\\\/acessibilidade-em-portugal-instituto-do-desenvolvimento\\\/\",\"url\":\"https:\\\/\\\/rightchallenge.org\\\/acessibilidade-em-portugal-instituto-do-desenvolvimento\\\/\",\"name\":\"Acessibilidade em Portugal: Instituto do Desenvolvimento - Rightchallenge\",\"isPartOf\":{\"@id\":\"https:\\\/\\\/rightchallenge.org\\\/#website\"},\"primaryImageOfPage\":{\"@id\":\"https:\\\/\\\/rightchallenge.org\\\/acessibilidade-em-portugal-instituto-do-desenvolvimento\\\/#primaryimage\"},\"image\":{\"@id\":\"https:\\\/\\\/rightchallenge.org\\\/acessibilidade-em-portugal-instituto-do-desenvolvimento\\\/#primaryimage\"},\"thumbnailUrl\":\"https:\\\/\\\/rightchallenge.org\\\/wp-content\\\/uploads\\\/2022\\\/01\\\/image-3.png\",\"datePublished\":\"2021-07-27T16:42:00+00:00\",\"dateModified\":\"2022-01-10T15:02:53+00:00\",\"author\":{\"@id\":\"https:\\\/\\\/rightchallenge.org\\\/#\\\/schema\\\/person\\\/c055d26fd0c0ef7284a434fb3a01c681\"},\"breadcrumb\":{\"@id\":\"https:\\\/\\\/rightchallenge.org\\\/acessibilidade-em-portugal-instituto-do-desenvolvimento\\\/#breadcrumb\"},\"inLanguage\":\"en-GB\",\"potentialAction\":[{\"@type\":\"ReadAction\",\"target\":[\"https:\\\/\\\/rightchallenge.org\\\/acessibilidade-em-portugal-instituto-do-desenvolvimento\\\/\"]}]},{\"@type\":\"ImageObject\",\"inLanguage\":\"en-GB\",\"@id\":\"https:\\\/\\\/rightchallenge.org\\\/acessibilidade-em-portugal-instituto-do-desenvolvimento\\\/#primaryimage\",\"url\":\"https:\\\/\\\/rightchallenge.org\\\/wp-content\\\/uploads\\\/2022\\\/01\\\/image-3.png\",\"contentUrl\":\"https:\\\/\\\/rightchallenge.org\\\/wp-content\\\/uploads\\\/2022\\\/01\\\/image-3.png\"},{\"@type\":\"BreadcrumbList\",\"@id\":\"https:\\\/\\\/rightchallenge.org\\\/acessibilidade-em-portugal-instituto-do-desenvolvimento\\\/#breadcrumb\",\"itemListElement\":[{\"@type\":\"ListItem\",\"position\":1,\"name\":\"In\u00edcio\",\"item\":\"https:\\\/\\\/rightchallenge.org\\\/\"},{\"@type\":\"ListItem\",\"position\":2,\"name\":\"Acessibilidade em Portugal: Instituto do Desenvolvimento\"}]},{\"@type\":\"WebSite\",\"@id\":\"https:\\\/\\\/rightchallenge.org\\\/#website\",\"url\":\"https:\\\/\\\/rightchallenge.org\\\/\",\"name\":\"Rightchallenge\",\"description\":\"Associa\u00e7\u00e3o\",\"potentialAction\":[{\"@type\":\"SearchAction\",\"target\":{\"@type\":\"EntryPoint\",\"urlTemplate\":\"https:\\\/\\\/rightchallenge.org\\\/?s={search_term_string}\"},\"query-input\":{\"@type\":\"PropertyValueSpecification\",\"valueRequired\":true,\"valueName\":\"search_term_string\"}}],\"inLanguage\":\"en-GB\"},{\"@type\":\"Person\",\"@id\":\"https:\\\/\\\/rightchallenge.org\\\/#\\\/schema\\\/person\\\/c055d26fd0c0ef7284a434fb3a01c681\",\"name\":\"Righchallenge\",\"image\":{\"@type\":\"ImageObject\",\"inLanguage\":\"en-GB\",\"@id\":\"https:\\\/\\\/secure.gravatar.com\\\/avatar\\\/316d2bd1788dea98bad763ddecdc72ea95bec82b19fb3ac81a73e8626d8c1b14?s=96&d=mm&r=g\",\"url\":\"https:\\\/\\\/secure.gravatar.com\\\/avatar\\\/316d2bd1788dea98bad763ddecdc72ea95bec82b19fb3ac81a73e8626d8c1b14?s=96&d=mm&r=g\",\"contentUrl\":\"https:\\\/\\\/secure.gravatar.com\\\/avatar\\\/316d2bd1788dea98bad763ddecdc72ea95bec82b19fb3ac81a73e8626d8c1b14?s=96&d=mm&r=g\",\"caption\":\"Righchallenge\"},\"url\":\"https:\\\/\\\/rightchallenge.org\\\/en\\\/author\\\/rca\\\/\"}]}<\/script>\n<!-- \/ Yoast SEO plugin. -->","yoast_head_json":{"title":"Acessibilidade em Portugal: Instituto do Desenvolvimento - Rightchallenge","robots":{"index":"index","follow":"follow","max-snippet":"max-snippet:-1","max-image-preview":"max-image-preview:large","max-video-preview":"max-video-preview:-1"},"canonical":"https:\/\/rightchallenge.org\/en\/acessibilidade-em-portugal-instituto-do-desenvolvimento\/","og_locale":"en_GB","og_type":"article","og_title":"Acessibilidade em Portugal: Instituto do Desenvolvimento - Rightchallenge","og_description":"O Instituto do Desenvolvimento, localizado em Paredes, pretende intervir na \u00e1rea do desenvolvimento f\u00edsico e mental. Constitu\u00eddo por uma equipa de profissionais altamente qualificada, oferece uma grande variedade de servi\u00e7os: Especialidades m\u00e9dicas: pediatria, psiquiatria, pedopsiquiatria, pediatria do neurodesenvolvimento, cl\u00ednica geral, ortopedia, neurologia, neurocirurgia, fisiatria; Especialidades n\u00e3o m\u00e9dicas: psicologia, psicoterapia, neuropsicologia, neuropsicologia infantil, nutri\u00e7\u00e3o, audiologia, podologia, [&hellip;]","og_url":"https:\/\/rightchallenge.org\/en\/acessibilidade-em-portugal-instituto-do-desenvolvimento\/","og_site_name":"Rightchallenge","article_published_time":"2021-07-27T16:42:00+00:00","article_modified_time":"2022-01-10T15:02:53+00:00","og_image":[{"url":"https:\/\/rightchallenge.org\/wp-content\/uploads\/2022\/01\/image-3.png","type":"","width":"","height":""}],"author":"Righchallenge","twitter_card":"summary_large_image","twitter_misc":{"Written by":"Righchallenge","Estimated reading time":"2 minutes"},"schema":{"@context":"https:\/\/schema.org","@graph":[{"@type":"Article","@id":"https:\/\/rightchallenge.org\/acessibilidade-em-portugal-instituto-do-desenvolvimento\/#article","isPartOf":{"@id":"https:\/\/rightchallenge.org\/acessibilidade-em-portugal-instituto-do-desenvolvimento\/"},"author":{"name":"Righchallenge","@id":"https:\/\/rightchallenge.org\/#\/schema\/person\/c055d26fd0c0ef7284a434fb3a01c681"},"headline":"Acessibilidade em Portugal: Instituto do Desenvolvimento","datePublished":"2021-07-27T16:42:00+00:00","dateModified":"2022-01-10T15:02:53+00:00","mainEntityOfPage":{"@id":"https:\/\/rightchallenge.org\/acessibilidade-em-portugal-instituto-do-desenvolvimento\/"},"wordCount":235,"commentCount":0,"image":{"@id":"https:\/\/rightchallenge.org\/acessibilidade-em-portugal-instituto-do-desenvolvimento\/#primaryimage"},"thumbnailUrl":"https:\/\/rightchallenge.org\/wp-content\/uploads\/2022\/01\/image-3.png","articleSection":["Sem categoria"],"inLanguage":"en-GB","potentialAction":[{"@type":"CommentAction","name":"Comment","target":["https:\/\/rightchallenge.org\/acessibilidade-em-portugal-instituto-do-desenvolvimento\/#respond"]}]},{"@type":"WebPage","@id":"https:\/\/rightchallenge.org\/acessibilidade-em-portugal-instituto-do-desenvolvimento\/","url":"https:\/\/rightchallenge.org\/acessibilidade-em-portugal-instituto-do-desenvolvimento\/","name":"Acessibilidade em Portugal: Instituto do Desenvolvimento - Rightchallenge","isPartOf":{"@id":"https:\/\/rightchallenge.org\/#website"},"primaryImageOfPage":{"@id":"https:\/\/rightchallenge.org\/acessibilidade-em-portugal-instituto-do-desenvolvimento\/#primaryimage"},"image":{"@id":"https:\/\/rightchallenge.org\/acessibilidade-em-portugal-instituto-do-desenvolvimento\/#primaryimage"},"thumbnailUrl":"https:\/\/rightchallenge.org\/wp-content\/uploads\/2022\/01\/image-3.png","datePublished":"2021-07-27T16:42:00+00:00","dateModified":"2022-01-10T15:02:53+00:00","author":{"@id":"https:\/\/rightchallenge.org\/#\/schema\/person\/c055d26fd0c0ef7284a434fb3a01c681"},"breadcrumb":{"@id":"https:\/\/rightchallenge.org\/acessibilidade-em-portugal-instituto-do-desenvolvimento\/#breadcrumb"},"inLanguage":"en-GB","potentialAction":[{"@type":"ReadAction","target":["https:\/\/rightchallenge.org\/acessibilidade-em-portugal-instituto-do-desenvolvimento\/"]}]},{"@type":"ImageObject","inLanguage":"en-GB","@id":"https:\/\/rightchallenge.org\/acessibilidade-em-portugal-instituto-do-desenvolvimento\/#primaryimage","url":"https:\/\/rightchallenge.org\/wp-content\/uploads\/2022\/01\/image-3.png","contentUrl":"https:\/\/rightchallenge.org\/wp-content\/uploads\/2022\/01\/image-3.png"},{"@type":"BreadcrumbList","@id":"https:\/\/rightchallenge.org\/acessibilidade-em-portugal-instituto-do-desenvolvimento\/#breadcrumb","itemListElement":[{"@type":"ListItem","position":1,"name":"In\u00edcio","item":"https:\/\/rightchallenge.org\/"},{"@type":"ListItem","position":2,"name":"Acessibilidade em Portugal: Instituto do Desenvolvimento"}]},{"@type":"WebSite","@id":"https:\/\/rightchallenge.org\/#website","url":"https:\/\/rightchallenge.org\/","name":"Rightchallenge","description":"Associa\u00e7\u00e3o","potentialAction":[{"@type":"SearchAction","target":{"@type":"EntryPoint","urlTemplate":"https:\/\/rightchallenge.org\/?s={search_term_string}"},"query-input":{"@type":"PropertyValueSpecification","valueRequired":true,"valueName":"search_term_string"}}],"inLanguage":"en-GB"},{"@type":"Person","@id":"https:\/\/rightchallenge.org\/#\/schema\/person\/c055d26fd0c0ef7284a434fb3a01c681","name":"Righchallenge","image":{"@type":"ImageObject","inLanguage":"en-GB","@id":"https:\/\/secure.gravatar.com\/avatar\/316d2bd1788dea98bad763ddecdc72ea95bec82b19fb3ac81a73e8626d8c1b14?s=96&d=mm&r=g","url":"https:\/\/secure.gravatar.com\/avatar\/316d2bd1788dea98bad763ddecdc72ea95bec82b19fb3ac81a73e8626d8c1b14?s=96&d=mm&r=g","contentUrl":"https:\/\/secure.gravatar.com\/avatar\/316d2bd1788dea98bad763ddecdc72ea95bec82b19fb3ac81a73e8626d8c1b14?s=96&d=mm&r=g","caption":"Righchallenge"},"url":"https:\/\/rightchallenge.org\/en\/author\/rca\/"}]}},"_links":{"self":[{"href":"https:\/\/rightchallenge.org\/en\/wp-json\/wp\/v2\/posts\/1938","targetHints":{"allow":["GET"]}}],"collection":[{"href":"https:\/\/rightchallenge.org\/en\/wp-json\/wp\/v2\/posts"}],"about":[{"href":"https:\/\/rightchallenge.org\/en\/wp-json\/wp\/v2\/types\/post"}],"author":[{"embeddable":true,"href":"https:\/\/rightchallenge.org\/en\/wp-json\/wp\/v2\/users\/2"}],"replies":[{"embeddable":true,"href":"https:\/\/rightchallenge.org\/en\/wp-json\/wp\/v2\/comments?post=1938"}],"version-history":[{"count":1,"href":"https:\/\/rightchallenge.org\/en\/wp-json\/wp\/v2\/posts\/1938\/revisions"}],"predecessor-version":[{"id":1940,"href":"https:\/\/rightchallenge.org\/en\/wp-json\/wp\/v2\/posts\/1938\/revisions\/1940"}],"wp:attachment":[{"href":"https:\/\/rightchallenge.org\/en\/wp-json\/wp\/v2\/media?parent=1938"}],"wp:term":[{"taxonomy":"category","embeddable":true,"href":"https:\/\/rightchallenge.org\/en\/wp-json\/wp\/v2\/categories?post=1938"},{"taxonomy":"post_tag","embeddable":true,"href":"https:\/\/rightchallenge.org\/en\/wp-json\/wp\/v2\/tags?post=1938"}],"curies":[{"name":"wp","href":"https:\/\/api.w.org\/{rel}","templated":true}]}}