{"id":1303,"date":"2020-12-11T16:14:00","date_gmt":"2020-12-11T15:14:00","guid":{"rendered":"https:\/\/rightchallenge.org\/?p=1303"},"modified":"2021-10-13T16:24:20","modified_gmt":"2021-10-13T15:24:20","slug":"projeto-real-reserve-a-lane-for-the-disabled","status":"publish","type":"post","link":"https:\/\/rightchallenge.org\/en\/projeto-real-reserve-a-lane-for-the-disabled\/","title":{"rendered":"Projeto REAL: Reserve a Lane for the Disabled"},"content":{"rendered":"<p>O projeto REAL tem como objetivo promover a nata\u00e7\u00e3o como um meio de integra\u00e7\u00e3o para jovens que vivem com defici\u00eancia. <\/p>\n\n\n\n<p>A pandemia Covid-19 veio impedir as atividades previstas no \u00e2mbito do projeto. No entanto, nada pode parar a incr\u00edvel equipa de nadadores e treinadores do Feira Viva Nata\u00e7\u00e3o Adaptada, com quem estamos a colaborar para dar asas a este projeto. Os nadadores continuam os seus treinos em casa, adaptando os exerc\u00edcios de nata\u00e7\u00e3o para poderem realiz\u00e1-los fora de \u00e1gua.  <\/p>\n\n\n\n<p>Para ficar a par das atividades do projeto REAL e da equipa do Feira Viva, siga-nos nas redes sociais e no website do projeto.<\/p>\n\n\n\n<p class=\"has-text-align-center\"><a href=\"https:\/\/www.facebook.com\/realerasmuswim\" data-type=\"URL\" data-id=\"https:\/\/www.facebook.com\/realerasmuswim\">Facebook REAL<\/a>             <a href=\"https:\/\/www.facebook.com\/FeiraVivaNatacaoAdaptada\" data-type=\"URL\" data-id=\"https:\/\/www.facebook.com\/FeiraVivaNatacaoAdaptada\">Facebook Feira Viva Nata\u00e7\u00e3o Adaptada <\/a>             <a href=\"https:\/\/www.facebook.com\/Rightchallenge\" data-type=\"URL\" data-id=\"https:\/\/www.facebook.com\/Rightchallenge\"> Facebook Rightchallenge<\/a>              <a href=\"https:\/\/projeler.sdu.edu.tr\/realerasmuswim\/?fbclid=IwAR3S2jb_o3oMpkUQA8V17jlF7TcgnFmYaq9jZuC0vj2NlRrTn2rO0diIJD0\" data-type=\"URL\" data-id=\"https:\/\/projeler.sdu.edu.tr\/realerasmuswim\/?fbclid=IwAR3S2jb_o3oMpkUQA8V17jlF7TcgnFmYaq9jZuC0vj2NlRrTn2rO0diIJD0\">Website do projeto<\/a><\/p>","protected":false},"excerpt":{"rendered":"<p>O projeto REAL tem como objetivo promover a nata\u00e7\u00e3o como um meio de integra\u00e7\u00e3o para jovens que vivem com defici\u00eancia. A pandemia Covid-19 veio impedir as atividades previstas no \u00e2mbito do projeto. No entanto, nada pode parar a incr\u00edvel equipa de nadadores e treinadores do Feira Viva Nata\u00e7\u00e3o Adaptada, com quem estamos a colaborar para [&hellip;]<\/p>\n","protected":false},"author":2,"featured_media":0,"comment_status":"open","ping_status":"closed","sticky":false,"template":"","format":"standard","meta":{"_et_pb_use_builder":"off","_et_pb_old_content":"","_et_gb_content_width":"","_monsterinsights_skip_tracking":false,"_monsterinsights_sitenote_active":false,"_monsterinsights_sitenote_note":"","_monsterinsights_sitenote_category":0,"footnotes":""},"categories":[1],"tags":[],"class_list":["post-1303","post","type-post","status-publish","format-standard","hentry","category-sem-categoria"],"yoast_head":"<!-- This site is optimized with the Yoast SEO plugin v27.5 - https:\/\/yoast.com\/product\/yoast-seo-wordpress\/ -->\n<title>Projeto REAL: Reserve a Lane for the Disabled - Rightchallenge<\/title>\n<meta name=\"robots\" content=\"index, follow, max-snippet:-1, max-image-preview:large, max-video-preview:-1\" \/>\n<link rel=\"canonical\" href=\"https:\/\/rightchallenge.org\/en\/projeto-real-reserve-a-lane-for-the-disabled\/\" \/>\n<meta property=\"og:locale\" content=\"en_GB\" \/>\n<meta property=\"og:type\" content=\"article\" \/>\n<meta property=\"og:title\" content=\"Projeto REAL: Reserve a Lane for the Disabled - Rightchallenge\" \/>\n<meta property=\"og:description\" content=\"O projeto REAL tem como objetivo promover a nata\u00e7\u00e3o como um meio de integra\u00e7\u00e3o para jovens que vivem com defici\u00eancia. A pandemia Covid-19 veio impedir as atividades previstas no \u00e2mbito do projeto. No entanto, nada pode parar a incr\u00edvel equipa de nadadores e treinadores do Feira Viva Nata\u00e7\u00e3o Adaptada, com quem estamos a colaborar para [&hellip;]\" \/>\n<meta property=\"og:url\" content=\"https:\/\/rightchallenge.org\/en\/projeto-real-reserve-a-lane-for-the-disabled\/\" \/>\n<meta property=\"og:site_name\" content=\"Rightchallenge\" \/>\n<meta property=\"article:published_time\" content=\"2020-12-11T15:14:00+00:00\" \/>\n<meta property=\"article:modified_time\" content=\"2021-10-13T15:24:20+00:00\" \/>\n<meta name=\"author\" content=\"Righchallenge\" \/>\n<meta name=\"twitter:card\" content=\"summary_large_image\" \/>\n<meta name=\"twitter:label1\" content=\"Written by\" \/>\n\t<meta name=\"twitter:data1\" content=\"Righchallenge\" \/>\n\t<meta name=\"twitter:label2\" content=\"Estimated reading time\" \/>\n\t<meta name=\"twitter:data2\" content=\"1 minute\" \/>\n<script type=\"application\/ld+json\" class=\"yoast-schema-graph\">{\"@context\":\"https:\\\/\\\/schema.org\",\"@graph\":[{\"@type\":\"Article\",\"@id\":\"https:\\\/\\\/rightchallenge.org\\\/projeto-real-reserve-a-lane-for-the-disabled\\\/#article\",\"isPartOf\":{\"@id\":\"https:\\\/\\\/rightchallenge.org\\\/projeto-real-reserve-a-lane-for-the-disabled\\\/\"},\"author\":{\"name\":\"Righchallenge\",\"@id\":\"https:\\\/\\\/rightchallenge.org\\\/#\\\/schema\\\/person\\\/c055d26fd0c0ef7284a434fb3a01c681\"},\"headline\":\"Projeto REAL: Reserve a Lane for the Disabled\",\"datePublished\":\"2020-12-11T15:14:00+00:00\",\"dateModified\":\"2021-10-13T15:24:20+00:00\",\"mainEntityOfPage\":{\"@id\":\"https:\\\/\\\/rightchallenge.org\\\/projeto-real-reserve-a-lane-for-the-disabled\\\/\"},\"wordCount\":132,\"commentCount\":0,\"articleSection\":[\"Sem categoria\"],\"inLanguage\":\"en-GB\",\"potentialAction\":[{\"@type\":\"CommentAction\",\"name\":\"Comment\",\"target\":[\"https:\\\/\\\/rightchallenge.org\\\/projeto-real-reserve-a-lane-for-the-disabled\\\/#respond\"]}]},{\"@type\":\"WebPage\",\"@id\":\"https:\\\/\\\/rightchallenge.org\\\/projeto-real-reserve-a-lane-for-the-disabled\\\/\",\"url\":\"https:\\\/\\\/rightchallenge.org\\\/projeto-real-reserve-a-lane-for-the-disabled\\\/\",\"name\":\"Projeto REAL: Reserve a Lane for the Disabled - Rightchallenge\",\"isPartOf\":{\"@id\":\"https:\\\/\\\/rightchallenge.org\\\/#website\"},\"datePublished\":\"2020-12-11T15:14:00+00:00\",\"dateModified\":\"2021-10-13T15:24:20+00:00\",\"author\":{\"@id\":\"https:\\\/\\\/rightchallenge.org\\\/#\\\/schema\\\/person\\\/c055d26fd0c0ef7284a434fb3a01c681\"},\"breadcrumb\":{\"@id\":\"https:\\\/\\\/rightchallenge.org\\\/projeto-real-reserve-a-lane-for-the-disabled\\\/#breadcrumb\"},\"inLanguage\":\"en-GB\",\"potentialAction\":[{\"@type\":\"ReadAction\",\"target\":[\"https:\\\/\\\/rightchallenge.org\\\/projeto-real-reserve-a-lane-for-the-disabled\\\/\"]}]},{\"@type\":\"BreadcrumbList\",\"@id\":\"https:\\\/\\\/rightchallenge.org\\\/projeto-real-reserve-a-lane-for-the-disabled\\\/#breadcrumb\",\"itemListElement\":[{\"@type\":\"ListItem\",\"position\":1,\"name\":\"In\u00edcio\",\"item\":\"https:\\\/\\\/rightchallenge.org\\\/\"},{\"@type\":\"ListItem\",\"position\":2,\"name\":\"Projeto REAL: Reserve a Lane for the Disabled\"}]},{\"@type\":\"WebSite\",\"@id\":\"https:\\\/\\\/rightchallenge.org\\\/#website\",\"url\":\"https:\\\/\\\/rightchallenge.org\\\/\",\"name\":\"Rightchallenge\",\"description\":\"Associa\u00e7\u00e3o\",\"potentialAction\":[{\"@type\":\"SearchAction\",\"target\":{\"@type\":\"EntryPoint\",\"urlTemplate\":\"https:\\\/\\\/rightchallenge.org\\\/?s={search_term_string}\"},\"query-input\":{\"@type\":\"PropertyValueSpecification\",\"valueRequired\":true,\"valueName\":\"search_term_string\"}}],\"inLanguage\":\"en-GB\"},{\"@type\":\"Person\",\"@id\":\"https:\\\/\\\/rightchallenge.org\\\/#\\\/schema\\\/person\\\/c055d26fd0c0ef7284a434fb3a01c681\",\"name\":\"Righchallenge\",\"image\":{\"@type\":\"ImageObject\",\"inLanguage\":\"en-GB\",\"@id\":\"https:\\\/\\\/secure.gravatar.com\\\/avatar\\\/316d2bd1788dea98bad763ddecdc72ea95bec82b19fb3ac81a73e8626d8c1b14?s=96&d=mm&r=g\",\"url\":\"https:\\\/\\\/secure.gravatar.com\\\/avatar\\\/316d2bd1788dea98bad763ddecdc72ea95bec82b19fb3ac81a73e8626d8c1b14?s=96&d=mm&r=g\",\"contentUrl\":\"https:\\\/\\\/secure.gravatar.com\\\/avatar\\\/316d2bd1788dea98bad763ddecdc72ea95bec82b19fb3ac81a73e8626d8c1b14?s=96&d=mm&r=g\",\"caption\":\"Righchallenge\"},\"url\":\"https:\\\/\\\/rightchallenge.org\\\/en\\\/author\\\/rca\\\/\"}]}<\/script>\n<!-- \/ Yoast SEO plugin. -->","yoast_head_json":{"title":"Projeto REAL: Reserve a Lane for the Disabled - Rightchallenge","robots":{"index":"index","follow":"follow","max-snippet":"max-snippet:-1","max-image-preview":"max-image-preview:large","max-video-preview":"max-video-preview:-1"},"canonical":"https:\/\/rightchallenge.org\/en\/projeto-real-reserve-a-lane-for-the-disabled\/","og_locale":"en_GB","og_type":"article","og_title":"Projeto REAL: Reserve a Lane for the Disabled - Rightchallenge","og_description":"O projeto REAL tem como objetivo promover a nata\u00e7\u00e3o como um meio de integra\u00e7\u00e3o para jovens que vivem com defici\u00eancia. A pandemia Covid-19 veio impedir as atividades previstas no \u00e2mbito do projeto. No entanto, nada pode parar a incr\u00edvel equipa de nadadores e treinadores do Feira Viva Nata\u00e7\u00e3o Adaptada, com quem estamos a colaborar para [&hellip;]","og_url":"https:\/\/rightchallenge.org\/en\/projeto-real-reserve-a-lane-for-the-disabled\/","og_site_name":"Rightchallenge","article_published_time":"2020-12-11T15:14:00+00:00","article_modified_time":"2021-10-13T15:24:20+00:00","author":"Righchallenge","twitter_card":"summary_large_image","twitter_misc":{"Written by":"Righchallenge","Estimated reading time":"1 minute"},"schema":{"@context":"https:\/\/schema.org","@graph":[{"@type":"Article","@id":"https:\/\/rightchallenge.org\/projeto-real-reserve-a-lane-for-the-disabled\/#article","isPartOf":{"@id":"https:\/\/rightchallenge.org\/projeto-real-reserve-a-lane-for-the-disabled\/"},"author":{"name":"Righchallenge","@id":"https:\/\/rightchallenge.org\/#\/schema\/person\/c055d26fd0c0ef7284a434fb3a01c681"},"headline":"Projeto REAL: Reserve a Lane for the Disabled","datePublished":"2020-12-11T15:14:00+00:00","dateModified":"2021-10-13T15:24:20+00:00","mainEntityOfPage":{"@id":"https:\/\/rightchallenge.org\/projeto-real-reserve-a-lane-for-the-disabled\/"},"wordCount":132,"commentCount":0,"articleSection":["Sem categoria"],"inLanguage":"en-GB","potentialAction":[{"@type":"CommentAction","name":"Comment","target":["https:\/\/rightchallenge.org\/projeto-real-reserve-a-lane-for-the-disabled\/#respond"]}]},{"@type":"WebPage","@id":"https:\/\/rightchallenge.org\/projeto-real-reserve-a-lane-for-the-disabled\/","url":"https:\/\/rightchallenge.org\/projeto-real-reserve-a-lane-for-the-disabled\/","name":"Projeto REAL: Reserve a Lane for the Disabled - Rightchallenge","isPartOf":{"@id":"https:\/\/rightchallenge.org\/#website"},"datePublished":"2020-12-11T15:14:00+00:00","dateModified":"2021-10-13T15:24:20+00:00","author":{"@id":"https:\/\/rightchallenge.org\/#\/schema\/person\/c055d26fd0c0ef7284a434fb3a01c681"},"breadcrumb":{"@id":"https:\/\/rightchallenge.org\/projeto-real-reserve-a-lane-for-the-disabled\/#breadcrumb"},"inLanguage":"en-GB","potentialAction":[{"@type":"ReadAction","target":["https:\/\/rightchallenge.org\/projeto-real-reserve-a-lane-for-the-disabled\/"]}]},{"@type":"BreadcrumbList","@id":"https:\/\/rightchallenge.org\/projeto-real-reserve-a-lane-for-the-disabled\/#breadcrumb","itemListElement":[{"@type":"ListItem","position":1,"name":"In\u00edcio","item":"https:\/\/rightchallenge.org\/"},{"@type":"ListItem","position":2,"name":"Projeto REAL: Reserve a Lane for the Disabled"}]},{"@type":"WebSite","@id":"https:\/\/rightchallenge.org\/#website","url":"https:\/\/rightchallenge.org\/","name":"Rightchallenge","description":"Associa\u00e7\u00e3o","potentialAction":[{"@type":"SearchAction","target":{"@type":"EntryPoint","urlTemplate":"https:\/\/rightchallenge.org\/?s={search_term_string}"},"query-input":{"@type":"PropertyValueSpecification","valueRequired":true,"valueName":"search_term_string"}}],"inLanguage":"en-GB"},{"@type":"Person","@id":"https:\/\/rightchallenge.org\/#\/schema\/person\/c055d26fd0c0ef7284a434fb3a01c681","name":"Righchallenge","image":{"@type":"ImageObject","inLanguage":"en-GB","@id":"https:\/\/secure.gravatar.com\/avatar\/316d2bd1788dea98bad763ddecdc72ea95bec82b19fb3ac81a73e8626d8c1b14?s=96&d=mm&r=g","url":"https:\/\/secure.gravatar.com\/avatar\/316d2bd1788dea98bad763ddecdc72ea95bec82b19fb3ac81a73e8626d8c1b14?s=96&d=mm&r=g","contentUrl":"https:\/\/secure.gravatar.com\/avatar\/316d2bd1788dea98bad763ddecdc72ea95bec82b19fb3ac81a73e8626d8c1b14?s=96&d=mm&r=g","caption":"Righchallenge"},"url":"https:\/\/rightchallenge.org\/en\/author\/rca\/"}]}},"_links":{"self":[{"href":"https:\/\/rightchallenge.org\/en\/wp-json\/wp\/v2\/posts\/1303","targetHints":{"allow":["GET"]}}],"collection":[{"href":"https:\/\/rightchallenge.org\/en\/wp-json\/wp\/v2\/posts"}],"about":[{"href":"https:\/\/rightchallenge.org\/en\/wp-json\/wp\/v2\/types\/post"}],"author":[{"embeddable":true,"href":"https:\/\/rightchallenge.org\/en\/wp-json\/wp\/v2\/users\/2"}],"replies":[{"embeddable":true,"href":"https:\/\/rightchallenge.org\/en\/wp-json\/wp\/v2\/comments?post=1303"}],"version-history":[{"count":1,"href":"https:\/\/rightchallenge.org\/en\/wp-json\/wp\/v2\/posts\/1303\/revisions"}],"predecessor-version":[{"id":1304,"href":"https:\/\/rightchallenge.org\/en\/wp-json\/wp\/v2\/posts\/1303\/revisions\/1304"}],"wp:attachment":[{"href":"https:\/\/rightchallenge.org\/en\/wp-json\/wp\/v2\/media?parent=1303"}],"wp:term":[{"taxonomy":"category","embeddable":true,"href":"https:\/\/rightchallenge.org\/en\/wp-json\/wp\/v2\/categories?post=1303"},{"taxonomy":"post_tag","embeddable":true,"href":"https:\/\/rightchallenge.org\/en\/wp-json\/wp\/v2\/tags?post=1303"}],"curies":[{"name":"wp","href":"https:\/\/api.w.org\/{rel}","templated":true}]}}